{"id":74464,"date":"2018-11-27T10:35:49","date_gmt":"2018-11-27T13:35:49","guid":{"rendered":"http:\/\/www.caririemacao.com\/1\/?p=74464"},"modified":"2018-11-27T10:35:49","modified_gmt":"2018-11-27T13:35:49","slug":"tce-aprova-por-unanimidade-contas-de-2017-da-prefeita-silvana-marinho-de-santo-andre","status":"publish","type":"post","link":"https:\/\/www.caririemacao.com\/1\/2018\/11\/27\/tce-aprova-por-unanimidade-contas-de-2017-da-prefeita-silvana-marinho-de-santo-andre\/","title":{"rendered":"TCE aprova por unanimidade contas de 2017 da prefeita Silvana Marinho de Santo Andr\u00e9"},"content":{"rendered":"<p>As contas do exerc\u00edcio do ano de 2017, da prefeita de Santo Andr\u00e9, no Cariri, Silvana Marinho, foram aprovadas nesta ter\u00e7a-feira (27), por unanimidade, pelo Tribunal de Contas da Para\u00edba.<\/p>\n<p>O relator das contas foi o conselheiro, Fernando Rodrigues Cat\u00e3o, que votou favor\u00e1vel pela aprova\u00e7\u00e3o.<\/p>\n<p>O advogado da prefeita Silvana, Josedeo Saravia, expressou que j\u00e1 se aguardava por um parecer favor\u00e1vel, tendo em vista que a prefeita vem fazendo um trabalho s\u00e9rio, transparente e transformador, em Santo Andr\u00e9.<\/p>\n<p style=\"text-align: right;\"><em><strong>Bruno lira\/Foto: Cariri em A\u00e7\u00e3o\u00a0\u00a0<\/strong><\/em><\/p>\n","protected":false},"excerpt":{"rendered":"<p>As contas do exerc\u00edcio do ano de 2017, da prefeita de Santo Andr\u00e9, no Cariri, Silvana Marinho, foram aprovadas nesta ter\u00e7a-feira (27), por unanimidade, pelo&hellip; <\/p>\n","protected":false},"author":1,"featured_media":43873,"comment_status":"closed","ping_status":"closed","sticky":false,"template":"","format":"standard","meta":{"sfsi_plus_gutenberg_text_before_share":"","sfsi_plus_gutenberg_show_text_before_share":"","sfsi_plus_gutenberg_icon_type":"","sfsi_plus_gutenberg_icon_alignemt":"","sfsi_plus_gutenburg_max_per_row":"","footnotes":""},"categories":[11],"tags":[],"class_list":["post-74464","post","type-post","status-publish","format-standard","has-post-thumbnail","hentry","category-politica"],"_links":{"self":[{"href":"https:\/\/www.caririemacao.com\/1\/wp-json\/wp\/v2\/posts\/74464","targetHints":{"allow":["GET"]}}],"collection":[{"href":"https:\/\/www.caririemacao.com\/1\/wp-json\/wp\/v2\/posts"}],"about":[{"href":"https:\/\/www.caririemacao.com\/1\/wp-json\/wp\/v2\/types\/post"}],"author":[{"embeddable":true,"href":"https:\/\/www.caririemacao.com\/1\/wp-json\/wp\/v2\/users\/1"}],"replies":[{"embeddable":true,"href":"https:\/\/www.caririemacao.com\/1\/wp-json\/wp\/v2\/comments?post=74464"}],"version-history":[{"count":1,"href":"https:\/\/www.caririemacao.com\/1\/wp-json\/wp\/v2\/posts\/74464\/revisions"}],"predecessor-version":[{"id":74465,"href":"https:\/\/www.caririemacao.com\/1\/wp-json\/wp\/v2\/posts\/74464\/revisions\/74465"}],"wp:featuredmedia":[{"embeddable":true,"href":"https:\/\/www.caririemacao.com\/1\/wp-json\/wp\/v2\/media\/43873"}],"wp:attachment":[{"href":"https:\/\/www.caririemacao.com\/1\/wp-json\/wp\/v2\/media?parent=74464"}],"wp:term":[{"taxonomy":"category","embeddable":true,"href":"https:\/\/www.caririemacao.com\/1\/wp-json\/wp\/v2\/categories?post=74464"},{"taxonomy":"post_tag","embeddable":true,"href":"https:\/\/www.caririemacao.com\/1\/wp-json\/wp\/v2\/tags?post=74464"}],"curies":[{"name":"wp","href":"https:\/\/api.w.org\/{rel}","templated":true}]}}