{"id":74469,"date":"2018-11-27T10:46:09","date_gmt":"2018-11-27T13:46:09","guid":{"rendered":"http:\/\/www.caririemacao.com\/1\/?p=74469"},"modified":"2018-11-27T10:47:29","modified_gmt":"2018-11-27T13:47:29","slug":"prefeitura-de-sao-jose-dos-cordeiros-retoma-limpeza-de-pequenos-barreiros","status":"publish","type":"post","link":"https:\/\/www.caririemacao.com\/1\/2018\/11\/27\/prefeitura-de-sao-jose-dos-cordeiros-retoma-limpeza-de-pequenos-barreiros\/","title":{"rendered":"Prefeitura de S\u00e3o Jos\u00e9 dos Cordeiros retoma limpeza de pequenos barreiros"},"content":{"rendered":"<p>A Prefeitura de S\u00e3o Jos\u00e9 dos Cordeiros reiniciou os trabalhos de limpeza de pequenos Barreiros. A\u00e7\u00e3o se faz necess\u00e1ria pelo fato da proximidade do inverno, al\u00e9m de aumentar a capacidade h\u00eddrica dos mananciais, o que vai proporcionar aos agricultores, mais seguran\u00e7a h\u00eddrica.<\/p>\n<p>As \u00e1guas poder\u00e3o ser usadas para o consumo humano e animal, atividades dom\u00e9sticas e para produ\u00e7\u00e3o dos alimentos, criando condi\u00e7\u00f5es para que os produtores tamb\u00e9m possam comercializar para outras fam\u00edlias, movimentando assim, o setor econ\u00f4mico do munic\u00edpio.<\/p>\n<p>O programa limpeza de barreiros no munic\u00edpio de S\u00e3o Jos\u00e9 dos Cordeiros vem acontecendo h\u00e1 tr\u00eas anos consecutivos, o programa \u00e9 uma parceria entre o produtor rural e Prefeitura Municipal, que contribui com as m\u00e1quinas, operadores e custeio com a manuten\u00e7\u00e3o das m\u00e1quinas.<\/p>\n<p><img fetchpriority=\"high\" decoding=\"async\" class=\"wp-image-74470 size-full aligncenter\" src=\"http:\/\/www.caririemacao.com\/1\/wp-content\/uploads\/2018\/11\/S\u00e3o-jos\u00e9-dos-cordeiros.jpg\" alt=\"\" width=\"720\" height=\"720\" srcset=\"https:\/\/www.caririemacao.com\/1\/wp-content\/uploads\/2018\/11\/S\u00e3o-jos\u00e9-dos-cordeiros.jpg 720w, https:\/\/www.caririemacao.com\/1\/wp-content\/uploads\/2018\/11\/S\u00e3o-jos\u00e9-dos-cordeiros-150x150.jpg 150w, https:\/\/www.caririemacao.com\/1\/wp-content\/uploads\/2018\/11\/S\u00e3o-jos\u00e9-dos-cordeiros-300x300.jpg 300w\" sizes=\"(max-width: 720px) 100vw, 720px\" \/><\/p>\n<p>Muitos agricultores j\u00e1 foram beneficiados e a previs\u00e3o \u00e9 de que 100% dos agricultores sejam beneficiados at\u00e9 o final da gest\u00e3o 2017\/2020.<\/p>\n<p>\u201cEsse trabalho teve in\u00edcio ainda na gest\u00e3o do ex-presidente Fernando, e por ser algo de muita import\u00e2ncia, a nossa gest\u00e3o achou por bem mant\u00ea-lo, aumentar a capacidade h\u00eddrica dos mananciais, \u00e9 sem d\u00favida, oferecer seguran\u00e7a e tranquilidade aos homens e a mulheres. E a nossa gest\u00e3o s\u00f3 tem conseguido intensificar essa a\u00e7\u00e3o gra\u00e7as \u00e0s parcerias que temos constru\u00eddas com os produtores rurais e tamb\u00e9m com o nosso deputado federal Wellington Roberto que por meio de emenda parlamentar o munic\u00edpio adquiriu um trator que est\u00e1 sendo utilizado,\u201d disse o prefeito de S\u00e3o Jos\u00e9 dos Cordeiros, Jefferson Roberto.<\/p>\n<p style=\"text-align: right;\"><em><strong>Reda\u00e7\u00e3o Cariri em A\u00e7\u00e3o<\/strong><\/em><\/p>\n","protected":false},"excerpt":{"rendered":"<p>A Prefeitura de S\u00e3o Jos\u00e9 dos Cordeiros reiniciou os trabalhos de limpeza de pequenos Barreiros. A\u00e7\u00e3o se faz necess\u00e1ria pelo fato da proximidade do inverno,&hellip; <\/p>\n","protected":false},"author":1,"featured_media":74471,"comment_status":"closed","ping_status":"closed","sticky":false,"template":"","format":"standard","meta":{"sfsi_plus_gutenberg_text_before_share":"","sfsi_plus_gutenberg_show_text_before_share":"","sfsi_plus_gutenberg_icon_type":"","sfsi_plus_gutenberg_icon_alignemt":"","sfsi_plus_gutenburg_max_per_row":"","footnotes":""},"categories":[6],"tags":[],"class_list":["post-74469","post","type-post","status-publish","format-standard","has-post-thumbnail","hentry","category-cidades"],"_links":{"self":[{"href":"https:\/\/www.caririemacao.com\/1\/wp-json\/wp\/v2\/posts\/74469","targetHints":{"allow":["GET"]}}],"collection":[{"href":"https:\/\/www.caririemacao.com\/1\/wp-json\/wp\/v2\/posts"}],"about":[{"href":"https:\/\/www.caririemacao.com\/1\/wp-json\/wp\/v2\/types\/post"}],"author":[{"embeddable":true,"href":"https:\/\/www.caririemacao.com\/1\/wp-json\/wp\/v2\/users\/1"}],"replies":[{"embeddable":true,"href":"https:\/\/www.caririemacao.com\/1\/wp-json\/wp\/v2\/comments?post=74469"}],"version-history":[{"count":1,"href":"https:\/\/www.caririemacao.com\/1\/wp-json\/wp\/v2\/posts\/74469\/revisions"}],"predecessor-version":[{"id":74472,"href":"https:\/\/www.caririemacao.com\/1\/wp-json\/wp\/v2\/posts\/74469\/revisions\/74472"}],"wp:featuredmedia":[{"embeddable":true,"href":"https:\/\/www.caririemacao.com\/1\/wp-json\/wp\/v2\/media\/74471"}],"wp:attachment":[{"href":"https:\/\/www.caririemacao.com\/1\/wp-json\/wp\/v2\/media?parent=74469"}],"wp:term":[{"taxonomy":"category","embeddable":true,"href":"https:\/\/www.caririemacao.com\/1\/wp-json\/wp\/v2\/categories?post=74469"},{"taxonomy":"post_tag","embeddable":true,"href":"https:\/\/www.caririemacao.com\/1\/wp-json\/wp\/v2\/tags?post=74469"}],"curies":[{"name":"wp","href":"https:\/\/api.w.org\/{rel}","templated":true}]}}