{"id":74475,"date":"2018-11-27T11:00:27","date_gmt":"2018-11-27T14:00:27","guid":{"rendered":"http:\/\/www.caririemacao.com\/1\/?p=74475"},"modified":"2018-11-27T11:00:27","modified_gmt":"2018-11-27T14:00:27","slug":"prefeitura-de-juazeirinho-realiza-1a-feira-e-exposicao-de-caprinos-e-ovinos","status":"publish","type":"post","link":"https:\/\/www.caririemacao.com\/1\/2018\/11\/27\/prefeitura-de-juazeirinho-realiza-1a-feira-e-exposicao-de-caprinos-e-ovinos\/","title":{"rendered":"Prefeitura de Juazeirinho realiza 1\u00aa feira e exposi\u00e7\u00e3o de caprinos e ovinos"},"content":{"rendered":"<p>Com o apoio de diversos parceiros, a Prefeitura, atrav\u00e9s da secretaria Municipal de desenvolvimento rural, promove de sexta-feira (30) a domingo (2\/12), a Ju\u00e1 Capri, primeira feira e exposi\u00e7\u00e3o de caprinos e ovinos da cidade.<\/p>\n<p>De acordo com o prefeito, Bevilacqua Matias (Avante), o objetivo \u00e9 movimentar a cadeia produtiva do setor, al\u00e9m de incentivar e motivar o pequeno agropecuarista do munic\u00edpio.<\/p>\n<p>Trata-se de uma oportunidade para que os criadores possam ter um espa\u00e7o para expor seus animais e ampliar a rede de contatos.<\/p>\n<p>Al\u00e9m disso, haver\u00e1 torneios leiteiros, comercializa\u00e7\u00e3o de animais e palestras sobre endividamento rural, perspectivas para 2019, alimenta\u00e7\u00e3o animal, apresenta\u00e7\u00e3o do projeto forrageira e cursos.<\/p>\n<p>Na sexta-feira a noite, o prefeito vai promover a inaugura\u00e7\u00e3o da usina de leite e derivado, localizada na regi\u00e3o leste da cidade, mais precisamente no Pitut\u00e3o.<\/p>\n<p><strong>Confira a programa\u00e7\u00e3o completa:<\/strong><\/p>\n<p><img fetchpriority=\"high\" decoding=\"async\" class=\"aligncenter wp-image-74476 size-full\" src=\"http:\/\/www.caririemacao.com\/1\/wp-content\/uploads\/2018\/11\/46771481_1976279649123173_7810443283846397952_n.jpg\" alt=\"\" width=\"678\" height=\"960\" srcset=\"https:\/\/www.caririemacao.com\/1\/wp-content\/uploads\/2018\/11\/46771481_1976279649123173_7810443283846397952_n.jpg 678w, https:\/\/www.caririemacao.com\/1\/wp-content\/uploads\/2018\/11\/46771481_1976279649123173_7810443283846397952_n-212x300.jpg 212w\" sizes=\"(max-width: 678px) 100vw, 678px\" \/><\/p>\n<p style=\"text-align: right;\"><em><strong>Heleno Lima\u00a0<\/strong><\/em><\/p>\n","protected":false},"excerpt":{"rendered":"<p>Com o apoio de diversos parceiros, a Prefeitura, atrav\u00e9s da secretaria Municipal de desenvolvimento rural, promove de sexta-feira (30) a domingo (2\/12), a Ju\u00e1 Capri,&hellip; <\/p>\n","protected":false},"author":1,"featured_media":74477,"comment_status":"closed","ping_status":"closed","sticky":false,"template":"","format":"standard","meta":{"sfsi_plus_gutenberg_text_before_share":"","sfsi_plus_gutenberg_show_text_before_share":"","sfsi_plus_gutenberg_icon_type":"","sfsi_plus_gutenberg_icon_alignemt":"","sfsi_plus_gutenburg_max_per_row":"","footnotes":""},"categories":[15],"tags":[],"class_list":["post-74475","post","type-post","status-publish","format-standard","has-post-thumbnail","hentry","category-cultura"],"_links":{"self":[{"href":"https:\/\/www.caririemacao.com\/1\/wp-json\/wp\/v2\/posts\/74475","targetHints":{"allow":["GET"]}}],"collection":[{"href":"https:\/\/www.caririemacao.com\/1\/wp-json\/wp\/v2\/posts"}],"about":[{"href":"https:\/\/www.caririemacao.com\/1\/wp-json\/wp\/v2\/types\/post"}],"author":[{"embeddable":true,"href":"https:\/\/www.caririemacao.com\/1\/wp-json\/wp\/v2\/users\/1"}],"replies":[{"embeddable":true,"href":"https:\/\/www.caririemacao.com\/1\/wp-json\/wp\/v2\/comments?post=74475"}],"version-history":[{"count":1,"href":"https:\/\/www.caririemacao.com\/1\/wp-json\/wp\/v2\/posts\/74475\/revisions"}],"predecessor-version":[{"id":74478,"href":"https:\/\/www.caririemacao.com\/1\/wp-json\/wp\/v2\/posts\/74475\/revisions\/74478"}],"wp:featuredmedia":[{"embeddable":true,"href":"https:\/\/www.caririemacao.com\/1\/wp-json\/wp\/v2\/media\/74477"}],"wp:attachment":[{"href":"https:\/\/www.caririemacao.com\/1\/wp-json\/wp\/v2\/media?parent=74475"}],"wp:term":[{"taxonomy":"category","embeddable":true,"href":"https:\/\/www.caririemacao.com\/1\/wp-json\/wp\/v2\/categories?post=74475"},{"taxonomy":"post_tag","embeddable":true,"href":"https:\/\/www.caririemacao.com\/1\/wp-json\/wp\/v2\/tags?post=74475"}],"curies":[{"name":"wp","href":"https:\/\/api.w.org\/{rel}","templated":true}]}}