{"id":74484,"date":"2018-11-27T14:09:23","date_gmt":"2018-11-27T17:09:23","guid":{"rendered":"http:\/\/www.caririemacao.com\/1\/?p=74484"},"modified":"2018-11-27T14:09:23","modified_gmt":"2018-11-27T17:09:23","slug":"ameaca-toffoli-diz-que-se-cai-o-auxilio-moradia-e-nao-tem-subsidio-reajustado-a-magistratura-para","status":"publish","type":"post","link":"https:\/\/www.caririemacao.com\/1\/2018\/11\/27\/ameaca-toffoli-diz-que-se-cai-o-auxilio-moradia-e-nao-tem-subsidio-reajustado-a-magistratura-para\/","title":{"rendered":"AMEA\u00c7A? Toffoli diz que \u2018se cai o aux\u00edlio-moradia e n\u00e3o tem subs\u00eddio (reajustado), a magistratura para\u2019"},"content":{"rendered":"<div class=\"article-widgets\">\n<div class=\"share-links-widget\">\n<div class=\"share-links__content\">O presidente do Supremo Tribunal Federal, ministro\u00a0<strong>Dias Toffoli<\/strong>\u00a0, defendeu na noite desta segunda-feira\u00a0reajuste dos sal\u00e1rios dos ju\u00edzes, sancionado pelo presidente Michel Temer\u00a0, e admitiu explicitamente que o\u00a0<strong>aux\u00edlio-moradia<\/strong>\u00a0servia apenas como compensa\u00e7\u00e3o financeira pela falta de recomposi\u00e7\u00e3o salarial. Segundo o ministro, que participou de um evento promovido pelo site Poder 360, as \u00fanicas carreiras do servi\u00e7o p\u00fablico que n\u00e3o tiveram\u00a0<strong>reajuste<\/strong>\u00a0nos \u00faltimos anos foram a magistratura e o Minist\u00e9rio P\u00fablico.<\/div>\n<\/div>\n<\/div>\n<div class=\"article__content-container protected-content\">\n<p>\u2014 Isso (o aumento) \u00e9 resgatar a dignidade da magistratura, do Minist\u00e9rio P\u00fablico, e a gente n\u00e3o ter que viver com o pires na m\u00e3o de um aux\u00edlio-moradia. Se n\u00e3o tivesse a san\u00e7\u00e3o desse subs\u00eddio, o aux\u00edlio-moradia ia continuar, vamos jogar francamente. N\u00e3o adianta querer enfrentar a realidade. A realidade est\u00e1 ali: se cai o aux\u00edlio-moradia e n\u00e3o tem subs\u00eddio, a magistratura para. Para, acabou. Quem \u00e9 que vai p\u00f4r as pessoas na cadeia? Eles v\u00e3o se \u201cauto-p\u00f4r\u201d na cadeia? Todo poder tem muito poder.<\/p>\n<aside class=\"article-related-links \">\n<div class=\"article-related-links__container\">\n<div class=\"article-related-links__content\"><\/div>\n<\/div>\n<\/aside>\n<p>\u00a0O ministro voltou a afirmar que o fim do aux\u00edlio-moradia ir\u00e1 compensar os custos do reajuste no Judici\u00e1rio federal. Segundo ele, os magistrados ter\u00e3o inclusive perda de aproximadamente R$ 1.000 nos vencimentos, j\u00e1 que o aux\u00edlio-moradia n\u00e3o era tributado.<\/p>\n<p>\u2014 Aqui ningu\u00e9m vai tapar o sol com a peneira. O aux\u00edlio-moradia veio para cobrir essa injusti\u00e7a (da falta de reajuste). \u00c9 muito melhor dizer que veio para isso e agora n\u00f3s vamos cassar, tanto que cassou. Fiz isso com transpar\u00eancia. Tiramos da frente o aux\u00edlio-moradia, e sobre ele n\u00e3o incide imposto de renda nem contribui\u00e7\u00e3o previdenci\u00e1ria.<\/p>\n<p>Os c\u00e1lculos do Supremo sobre o impacto, no entanto, n\u00e3o levam em conta o efeito cascata do reajuste sobre as Justi\u00e7as estaduais \u2013 que vinculam os sal\u00e1rios de seus magistrados aos da Suprema Corte \u2013 e nos poderes Executivo e Legislativo, uma vez que o sal\u00e1rio dos ministros \u00e9 a refer\u00eancia para o teto do funcionalismo p\u00fablico. Toffoli disse que ser\u00e1 necess\u00e1rio a partir de agora se rediscutir as regras de vincula\u00e7\u00e3o.<\/p>\n<section class=\"block block--advertising\">\n<div class=\"block__advertising\">\n<div class=\"block__advertising-header\">\u2014 Se outras carreiras agora v\u00e3o reivindicar porque o teto aumentou, n\u00f3s temos de rever o teto. Tem que acabar com esse teto, porque o teto virou piso. Tem algum juiz no Brasil que ganha menos do que um ministro do Supremo? A lei que o presidente Temer sancionou \u00e9 para a magistratura federal, n\u00e3o para a estadual. O fato \u00e9 que n\u00f3s temos de redefinir essa quest\u00e3o relativa ao teto.<\/div>\n<\/div>\n<\/section>\n<h3>Segunda inst\u00e2ncia<\/h3>\n<p>Toffoli\u00a0confirmou que o julgamento da a\u00e7\u00e3o\u00a0que discute a execu\u00e7\u00e3o da pena a partir da condena\u00e7\u00e3o em segunda inst\u00e2ncia ser\u00e1 entre mar\u00e7o e abril. O tema pode atingir diretamente o ex-presidente Luiz In\u00e1cio Lula da Silva, que come\u00e7ou a cumprir pena em Curitiba ap\u00f3s a condena\u00e7\u00e3o pelo Tribunal Regional Federal.<\/p>\n<\/div>\n<p><br clear=\"all\" \/><br clear=\"all\" \/><\/p>\n<p>O Globo<\/p>\n","protected":false},"excerpt":{"rendered":"<p>O presidente do Supremo Tribunal Federal, ministro\u00a0Dias Toffoli\u00a0, defendeu na noite desta segunda-feira\u00a0reajuste dos sal\u00e1rios dos ju\u00edzes, sancionado pelo presidente Michel Temer\u00a0, e admitiu explicitamente&hellip; <\/p>\n","protected":false},"author":1,"featured_media":65756,"comment_status":"closed","ping_status":"closed","sticky":false,"template":"","format":"standard","meta":{"sfsi_plus_gutenberg_text_before_share":"","sfsi_plus_gutenberg_show_text_before_share":"","sfsi_plus_gutenberg_icon_type":"","sfsi_plus_gutenberg_icon_alignemt":"","sfsi_plus_gutenburg_max_per_row":"","footnotes":""},"categories":[11],"tags":[],"class_list":["post-74484","post","type-post","status-publish","format-standard","has-post-thumbnail","hentry","category-politica"],"_links":{"self":[{"href":"https:\/\/www.caririemacao.com\/1\/wp-json\/wp\/v2\/posts\/74484","targetHints":{"allow":["GET"]}}],"collection":[{"href":"https:\/\/www.caririemacao.com\/1\/wp-json\/wp\/v2\/posts"}],"about":[{"href":"https:\/\/www.caririemacao.com\/1\/wp-json\/wp\/v2\/types\/post"}],"author":[{"embeddable":true,"href":"https:\/\/www.caririemacao.com\/1\/wp-json\/wp\/v2\/users\/1"}],"replies":[{"embeddable":true,"href":"https:\/\/www.caririemacao.com\/1\/wp-json\/wp\/v2\/comments?post=74484"}],"version-history":[{"count":1,"href":"https:\/\/www.caririemacao.com\/1\/wp-json\/wp\/v2\/posts\/74484\/revisions"}],"predecessor-version":[{"id":74485,"href":"https:\/\/www.caririemacao.com\/1\/wp-json\/wp\/v2\/posts\/74484\/revisions\/74485"}],"wp:featuredmedia":[{"embeddable":true,"href":"https:\/\/www.caririemacao.com\/1\/wp-json\/wp\/v2\/media\/65756"}],"wp:attachment":[{"href":"https:\/\/www.caririemacao.com\/1\/wp-json\/wp\/v2\/media?parent=74484"}],"wp:term":[{"taxonomy":"category","embeddable":true,"href":"https:\/\/www.caririemacao.com\/1\/wp-json\/wp\/v2\/categories?post=74484"},{"taxonomy":"post_tag","embeddable":true,"href":"https:\/\/www.caririemacao.com\/1\/wp-json\/wp\/v2\/tags?post=74484"}],"curies":[{"name":"wp","href":"https:\/\/api.w.org\/{rel}","templated":true}]}}