{"id":74488,"date":"2018-11-27T14:16:25","date_gmt":"2018-11-27T17:16:25","guid":{"rendered":"http:\/\/www.caririemacao.com\/1\/?p=74488"},"modified":"2018-11-27T14:16:25","modified_gmt":"2018-11-27T17:16:25","slug":"aesa-chove-em-mais-de-30-cidades-entre-esta-segunda-e-terca-feira-na-pb","status":"publish","type":"post","link":"https:\/\/www.caririemacao.com\/1\/2018\/11\/27\/aesa-chove-em-mais-de-30-cidades-entre-esta-segunda-e-terca-feira-na-pb\/","title":{"rendered":"Aesa: chove em mais de 30 cidades entre esta segunda e ter\u00e7a-feira na PB"},"content":{"rendered":"<p>Choveu pelo menos em 35 munic\u00edpios do Sert\u00e3o da Para\u00edba, da noite desta segunda para a manh\u00e3 desta ter\u00e7a-feira (26 e 27), com a maior precipita\u00e7\u00e3o sendo registrada na cidade de Aguiar, no Vale do Pianc\u00f3, contabilizando 77, mil\u00edmetros, de acordo com informa\u00e7\u00f5es colhidas pelo Radar Sertanejo junto a Ag\u00eancia Executiva de Gest\u00e3o das \u00c1guas (Aesa).<\/p>\n<p>Os institutos de meteorologia tamb\u00e9m fazem alerta para 27 munic\u00edpios sertanejos, sendo 7 deles localizados na regi\u00e3o metropolitana de Cajazeiras. O fen\u00f4meno clim\u00e1tico \u00e9 considerado at\u00edpico no semi\u00e1rido para esta \u00e9poca do ano, mesmo assim, as precipita\u00e7\u00f5es est\u00e3o animando os sertanejos.<\/p>\n<p>A tend\u00eancia ser\u00e1 da forma\u00e7\u00e3o de \u00e1reas de instabilidade e mais chuvas em algumas \u00e1reas, especialmente na regi\u00e3o oeste da Para\u00edba.<\/p>\n<p><strong>Confira o volume de chuva registrado nos munic\u00edpios paraibanos nas \u00faltimas 24 horas:<\/strong><\/p>\n<p><img fetchpriority=\"high\" decoding=\"async\" class=\"alignnone wp-image-186281 size-large\" src=\"https:\/\/i2.wp.com\/www.blogdogordinho.com.br\/site\/wp-content\/uploads\/2018\/11\/Chuva-tabela-1.jpg?zoom=0.9024999886751175&amp;resize=652%2C1405\" sizes=\"(max-width: 485px) 100vw, 485px\" srcset=\"https:\/\/i2.wp.com\/www.blogdogordinho.com.br\/site\/wp-content\/uploads\/2018\/11\/Chuva-tabela-1.jpg?zoom=0.9024999886751175&amp;resize=652%2C1405\" alt=\"\" width=\"652\" height=\"1406\" data-attachment-id=\"186281\" data-permalink=\"http:\/\/www.blogdogordinho.com.br\/aesa-chove-em-mais-de-30-cidades-entre-esta-segunda-e-terca-feira-na-pb\/chuva-tabela-1\/\" data-orig-file=\"https:\/\/i2.wp.com\/www.blogdogordinho.com.br\/site\/wp-content\/uploads\/2018\/11\/Chuva-tabela-1.jpg?fit=546%2C1152\" data-orig-size=\"546,1152\" data-comments-opened=\"1\" data-image-meta=\"{&quot;aperture&quot;:&quot;0&quot;,&quot;credit&quot;:&quot;&quot;,&quot;camera&quot;:&quot;&quot;,&quot;caption&quot;:&quot;&quot;,&quot;created_timestamp&quot;:&quot;0&quot;,&quot;copyright&quot;:&quot;&quot;,&quot;focal_length&quot;:&quot;0&quot;,&quot;iso&quot;:&quot;0&quot;,&quot;shutter_speed&quot;:&quot;0&quot;,&quot;title&quot;:&quot;&quot;,&quot;orientation&quot;:&quot;0&quot;}\" data-image-title=\"Chuva-tabela-1\" data-image-description=\"\" data-medium-file=\"https:\/\/i2.wp.com\/www.blogdogordinho.com.br\/site\/wp-content\/uploads\/2018\/11\/Chuva-tabela-1.jpg?fit=142%2C300\" data-large-file=\"https:\/\/i2.wp.com\/www.blogdogordinho.com.br\/site\/wp-content\/uploads\/2018\/11\/Chuva-tabela-1.jpg?fit=485%2C1024\" \/><\/p>\n<p><img decoding=\"async\" class=\"alignnone wp-image-186282 size-full lazyload\" data-src=\"https:\/\/i0.wp.com\/www.blogdogordinho.com.br\/site\/wp-content\/uploads\/2018\/11\/Chuva-tabela-2.jpg?zoom=0.9024999886751175&amp;resize=652%2C797\" data-sizes=\"(max-width: 546px) 100vw, 546px\" data-srcset=\"https:\/\/i0.wp.com\/www.blogdogordinho.com.br\/site\/wp-content\/uploads\/2018\/11\/Chuva-tabela-2.jpg?zoom=0.9024999886751175&amp;resize=652%2C797\" alt=\"\" width=\"652\" height=\"798\" data-attachment-id=\"186282\" data-permalink=\"http:\/\/www.blogdogordinho.com.br\/aesa-chove-em-mais-de-30-cidades-entre-esta-segunda-e-terca-feira-na-pb\/chuva-tabela-2\/\" data-orig-file=\"https:\/\/i0.wp.com\/www.blogdogordinho.com.br\/site\/wp-content\/uploads\/2018\/11\/Chuva-tabela-2.jpg?fit=546%2C637\" data-orig-size=\"546,637\" data-comments-opened=\"1\" data-image-meta=\"{&quot;aperture&quot;:&quot;0&quot;,&quot;credit&quot;:&quot;&quot;,&quot;camera&quot;:&quot;&quot;,&quot;caption&quot;:&quot;&quot;,&quot;created_timestamp&quot;:&quot;0&quot;,&quot;copyright&quot;:&quot;&quot;,&quot;focal_length&quot;:&quot;0&quot;,&quot;iso&quot;:&quot;0&quot;,&quot;shutter_speed&quot;:&quot;0&quot;,&quot;title&quot;:&quot;&quot;,&quot;orientation&quot;:&quot;0&quot;}\" data-image-title=\"Chuva-tabela-2\" data-image-description=\"\" data-medium-file=\"https:\/\/i0.wp.com\/www.blogdogordinho.com.br\/site\/wp-content\/uploads\/2018\/11\/Chuva-tabela-2.jpg?fit=257%2C300\" data-large-file=\"https:\/\/i0.wp.com\/www.blogdogordinho.com.br\/site\/wp-content\/uploads\/2018\/11\/Chuva-tabela-2.jpg?fit=546%2C637\" src=\"data:image\/svg+xml;base64,PHN2ZyB3aWR0aD0iMSIgaGVpZ2h0PSIxIiB4bWxucz0iaHR0cDovL3d3dy53My5vcmcvMjAwMC9zdmciPjwvc3ZnPg==\" style=\"--smush-placeholder-width: 652px; --smush-placeholder-aspect-ratio: 652\/798;\" \/><\/p>\n","protected":false},"excerpt":{"rendered":"<p>Choveu pelo menos em 35 munic\u00edpios do Sert\u00e3o da Para\u00edba, da noite desta segunda para a manh\u00e3 desta ter\u00e7a-feira (26 e 27), com a maior&hellip; <\/p>\n","protected":false},"author":1,"featured_media":74489,"comment_status":"closed","ping_status":"closed","sticky":false,"template":"","format":"standard","meta":{"sfsi_plus_gutenberg_text_before_share":"","sfsi_plus_gutenberg_show_text_before_share":"","sfsi_plus_gutenberg_icon_type":"","sfsi_plus_gutenberg_icon_alignemt":"","sfsi_plus_gutenburg_max_per_row":"","footnotes":""},"categories":[50,2],"tags":[],"class_list":["post-74488","post","type-post","status-publish","format-standard","has-post-thumbnail","hentry","category-destaque","category-geral"],"_links":{"self":[{"href":"https:\/\/www.caririemacao.com\/1\/wp-json\/wp\/v2\/posts\/74488","targetHints":{"allow":["GET"]}}],"collection":[{"href":"https:\/\/www.caririemacao.com\/1\/wp-json\/wp\/v2\/posts"}],"about":[{"href":"https:\/\/www.caririemacao.com\/1\/wp-json\/wp\/v2\/types\/post"}],"author":[{"embeddable":true,"href":"https:\/\/www.caririemacao.com\/1\/wp-json\/wp\/v2\/users\/1"}],"replies":[{"embeddable":true,"href":"https:\/\/www.caririemacao.com\/1\/wp-json\/wp\/v2\/comments?post=74488"}],"version-history":[{"count":1,"href":"https:\/\/www.caririemacao.com\/1\/wp-json\/wp\/v2\/posts\/74488\/revisions"}],"predecessor-version":[{"id":74490,"href":"https:\/\/www.caririemacao.com\/1\/wp-json\/wp\/v2\/posts\/74488\/revisions\/74490"}],"wp:featuredmedia":[{"embeddable":true,"href":"https:\/\/www.caririemacao.com\/1\/wp-json\/wp\/v2\/media\/74489"}],"wp:attachment":[{"href":"https:\/\/www.caririemacao.com\/1\/wp-json\/wp\/v2\/media?parent=74488"}],"wp:term":[{"taxonomy":"category","embeddable":true,"href":"https:\/\/www.caririemacao.com\/1\/wp-json\/wp\/v2\/categories?post=74488"},{"taxonomy":"post_tag","embeddable":true,"href":"https:\/\/www.caririemacao.com\/1\/wp-json\/wp\/v2\/tags?post=74488"}],"curies":[{"name":"wp","href":"https:\/\/api.w.org\/{rel}","templated":true}]}}