{"id":74493,"date":"2018-11-27T14:26:41","date_gmt":"2018-11-27T17:26:41","guid":{"rendered":"http:\/\/www.caririemacao.com\/1\/?p=74493"},"modified":"2018-11-27T15:01:34","modified_gmt":"2018-11-27T18:01:34","slug":"agencia-dos-correios-de-sume-e-assaltada","status":"publish","type":"post","link":"https:\/\/www.caririemacao.com\/1\/2018\/11\/27\/agencia-dos-correios-de-sume-e-assaltada\/","title":{"rendered":"Ag\u00eancia dos Correios de Sum\u00e9 \u00e9 assaltada"},"content":{"rendered":"<p>De acordo com as informa\u00e7\u00f5es do delegado plantonista, Dr. Gilson, era por vota das 11h40min quando dois meliantes chegaram \u00e0 ag\u00eancia, um dos assaltantes falando que desejava postar uma encomenda. Em seguida, um segundo marginal adentrou a ag\u00eancia e anunciou assalto.<\/p>\n<p>No momento do assalto, havia 03 clientes dentro da ag\u00eancia, al\u00e9m dos funcion\u00e1rios e seguran\u00e7as que foram rendidos e colocados dentro da sala do cofre.<\/p>\n<p>Ap\u00f3s finalizar a a\u00e7\u00e3o, os bandidos solicitaram dos ref\u00e9ns que demorassem uns 30 minutos para acionar a pol\u00edcia. Os bandidos fugiram da ag\u00eancia levando uma quantia em dinheiro e as imagens do circuito interno de c\u00e2meras e as armas dos seguran\u00e7as.<\/p>\n<p>As informa\u00e7\u00f5es d\u00e3o conta de que os bandidos n\u00e3o foram agressivos e que seguran\u00e7as e funcion\u00e1rios da ag\u00eancia foram feitos de ref\u00e9ns. J\u00e1 foram liberados e passam bem.<\/p>\n<p>A policia est\u00e1 em dilig\u00eancia em busca prender os assaltantes.<\/p>\n<p><iframe style=\"border: none; overflow: hidden;\" data-src=\"https:\/\/www.facebook.com\/plugins\/video.php?href=https%3A%2F%2Fwww.facebook.com%2FCaririEmAcao%2Fvideos%2F2226875264267391%2F&amp;show_text=0&amp;width=560\" width=\"560\" height=\"315\" frameborder=\"0\" scrolling=\"no\" allowfullscreen=\"allowfullscreen\" src=\"data:image\/svg+xml;base64,PHN2ZyB3aWR0aD0iMSIgaGVpZ2h0PSIxIiB4bWxucz0iaHR0cDovL3d3dy53My5vcmcvMjAwMC9zdmciPjwvc3ZnPg==\" class=\"lazyload\" data-load-mode=\"1\"><\/iframe><\/p>\n<p><iframe style=\"border: none; overflow: hidden;\" data-src=\"https:\/\/www.facebook.com\/plugins\/video.php?href=https%3A%2F%2Fwww.facebook.com%2FCaririEmAcao%2Fvideos%2F762740204073201%2F&amp;show_text=0&amp;width=560\" width=\"560\" height=\"315\" frameborder=\"0\" scrolling=\"no\" allowfullscreen=\"allowfullscreen\" src=\"data:image\/svg+xml;base64,PHN2ZyB3aWR0aD0iMSIgaGVpZ2h0PSIxIiB4bWxucz0iaHR0cDovL3d3dy53My5vcmcvMjAwMC9zdmciPjwvc3ZnPg==\" class=\"lazyload\" data-load-mode=\"1\"><\/iframe><\/p>\n<p><iframe style=\"border: none; overflow: hidden;\" data-src=\"https:\/\/www.facebook.com\/plugins\/video.php?href=https%3A%2F%2Fwww.facebook.com%2FCaririEmAcao%2Fvideos%2F2234278480179069%2F&amp;show_text=0&amp;width=560\" width=\"560\" height=\"315\" frameborder=\"0\" scrolling=\"no\" allowfullscreen=\"allowfullscreen\" src=\"data:image\/svg+xml;base64,PHN2ZyB3aWR0aD0iMSIgaGVpZ2h0PSIxIiB4bWxucz0iaHR0cDovL3d3dy53My5vcmcvMjAwMC9zdmciPjwvc3ZnPg==\" class=\"lazyload\" data-load-mode=\"1\"><\/iframe><\/p>\n<p style=\"text-align: right;\"><em><strong>Reda\u00e7\u00e3o Cariri em A\u00e7\u00e3o\u00a0<\/strong><\/em><\/p>\n","protected":false},"excerpt":{"rendered":"<p>De acordo com as informa\u00e7\u00f5es do delegado plantonista, Dr. Gilson, era por vota das 11h40min quando dois meliantes chegaram \u00e0 ag\u00eancia, um dos assaltantes falando&hellip; <\/p>\n","protected":false},"author":1,"featured_media":74495,"comment_status":"closed","ping_status":"closed","sticky":false,"template":"","format":"standard","meta":{"sfsi_plus_gutenberg_text_before_share":"","sfsi_plus_gutenberg_show_text_before_share":"","sfsi_plus_gutenberg_icon_type":"","sfsi_plus_gutenberg_icon_alignemt":"","sfsi_plus_gutenburg_max_per_row":"","footnotes":""},"categories":[12],"tags":[],"class_list":["post-74493","post","type-post","status-publish","format-standard","has-post-thumbnail","hentry","category-policia"],"_links":{"self":[{"href":"https:\/\/www.caririemacao.com\/1\/wp-json\/wp\/v2\/posts\/74493","targetHints":{"allow":["GET"]}}],"collection":[{"href":"https:\/\/www.caririemacao.com\/1\/wp-json\/wp\/v2\/posts"}],"about":[{"href":"https:\/\/www.caririemacao.com\/1\/wp-json\/wp\/v2\/types\/post"}],"author":[{"embeddable":true,"href":"https:\/\/www.caririemacao.com\/1\/wp-json\/wp\/v2\/users\/1"}],"replies":[{"embeddable":true,"href":"https:\/\/www.caririemacao.com\/1\/wp-json\/wp\/v2\/comments?post=74493"}],"version-history":[{"count":3,"href":"https:\/\/www.caririemacao.com\/1\/wp-json\/wp\/v2\/posts\/74493\/revisions"}],"predecessor-version":[{"id":74524,"href":"https:\/\/www.caririemacao.com\/1\/wp-json\/wp\/v2\/posts\/74493\/revisions\/74524"}],"wp:featuredmedia":[{"embeddable":true,"href":"https:\/\/www.caririemacao.com\/1\/wp-json\/wp\/v2\/media\/74495"}],"wp:attachment":[{"href":"https:\/\/www.caririemacao.com\/1\/wp-json\/wp\/v2\/media?parent=74493"}],"wp:term":[{"taxonomy":"category","embeddable":true,"href":"https:\/\/www.caririemacao.com\/1\/wp-json\/wp\/v2\/categories?post=74493"},{"taxonomy":"post_tag","embeddable":true,"href":"https:\/\/www.caririemacao.com\/1\/wp-json\/wp\/v2\/tags?post=74493"}],"curies":[{"name":"wp","href":"https:\/\/api.w.org\/{rel}","templated":true}]}}