{"id":74494,"date":"2018-11-27T14:27:00","date_gmt":"2018-11-27T17:27:00","guid":{"rendered":"http:\/\/www.caririemacao.com\/1\/?p=74494"},"modified":"2018-11-27T14:27:00","modified_gmt":"2018-11-27T17:27:00","slug":"divulgado-edital-para-o-concurso-publico-da-procuradoria-geral-do-estado-de-pernambuco","status":"publish","type":"post","link":"https:\/\/www.caririemacao.com\/1\/2018\/11\/27\/divulgado-edital-para-o-concurso-publico-da-procuradoria-geral-do-estado-de-pernambuco\/","title":{"rendered":"Divulgado edital para o concurso p\u00fablico da Procuradoria Geral do Estado de Pernambuco"},"content":{"rendered":"<p>A Procuradoria Geral do Estado de Pernambuco (PGE-PE) publicou\u00a0nesta segunda-feira (26), o edital do primeiro concurso p\u00fablico para\u00a0\u00e1rea administrativa da institui\u00e7\u00e3o. S\u00e3o oferecidas 88 vagas, sendo\u00a020 para o cargo de analista judici\u00e1rio, 28 para o cargo de analista administrativo\u00a0e 40 para o cargo de assistente, al\u00e9m de forma\u00e7\u00e3o de cadastro reserva.<\/p>\n<p><a href=\"http:\/\/www.pge.pe.gov.br\/App_Themes\/SEI_GOVPE_0876702_GOVPE_Edital.pdf\" target=\"true\">Confira o edital completo<\/a><\/p>\n<p>As inscri\u00e7\u00f5es ser\u00e3o realizadas no per\u00edodo de 4 de dezembro\u00a0a 3 de janeiro de 2019 no <a href=\"http:\/\/www.cespe.unb.br\/concursos\/PGE_PE_18_SERVIDOR\/\" target=\"true\">site do Cebraspe<\/a>, respons\u00e1vel pela organiza\u00e7\u00e3o e realiza\u00e7\u00e3o do certame.<\/p>\n<p>Para o cargo de analista judici\u00e1rio, poder\u00e3o se inscrever candidatos graduados em Direito com inscri\u00e7\u00e3o na OAB. J\u00e1 o cargo de analista administrativo\u00a0\u00e9 subdividido em quatro especialidades: calculista (gradua\u00e7\u00e3o em Ci\u00eancias Cont\u00e1beis, Economia, Administra\u00e7\u00e3o, Engenharia, Matem\u00e1tica ou Estat\u00edstica), engenharia (gradua\u00e7\u00e3o em Engenharia Civil ou Arquitetura e registro no respectivo \u00f3rg\u00e3o fiscalizador), gest\u00e3o p\u00fablica (gradua\u00e7\u00e3o em Ci\u00eancias Cont\u00e1beis, Economia, Administra\u00e7\u00e3o, Direito ou Engenharia) e recursos humanos (gradua\u00e7\u00e3o em Administra\u00e7\u00e3o, Psicologia ou Pedagogia). A remunera\u00e7\u00e3o dos cargos de n\u00edvel superior \u00e9 de R$ 3.880,33 com jornada de 40 horas semanais.<\/p>\n<p>Para o cargo de assistente, \u00e9 necess\u00e1ria conclus\u00e3o do ensino m\u00e9dio ou de curso t\u00e9cnico. A remunera\u00e7\u00e3o \u00e9 de R$ 2.263,79 para jornada de 40 horas semanais. As provas objetivas, para todos os candidatos, e discursiva, somente para os candidatos aos cargos de n\u00edvel superior, ser\u00e3o aplicadas nos dias 7 de abril (n\u00edvel superior) e 14 de abril (n\u00edvel m\u00e9dio), no Recife. O resultado final est\u00e1 previsto para ser divulgado em maio. O concurso ter\u00e1 validade de dois anos, prorrog\u00e1vel por igual per\u00edodo.<\/p>\n","protected":false},"excerpt":{"rendered":"<p>A Procuradoria Geral do Estado de Pernambuco (PGE-PE) publicou\u00a0nesta segunda-feira (26), o edital do primeiro concurso p\u00fablico para\u00a0\u00e1rea administrativa da institui\u00e7\u00e3o. S\u00e3o oferecidas 88 vagas,&hellip; <\/p>\n","protected":false},"author":1,"featured_media":68227,"comment_status":"closed","ping_status":"closed","sticky":false,"template":"","format":"standard","meta":{"sfsi_plus_gutenberg_text_before_share":"","sfsi_plus_gutenberg_show_text_before_share":"","sfsi_plus_gutenberg_icon_type":"","sfsi_plus_gutenberg_icon_alignemt":"","sfsi_plus_gutenburg_max_per_row":"","footnotes":""},"categories":[2],"tags":[],"class_list":["post-74494","post","type-post","status-publish","format-standard","has-post-thumbnail","hentry","category-geral"],"_links":{"self":[{"href":"https:\/\/www.caririemacao.com\/1\/wp-json\/wp\/v2\/posts\/74494","targetHints":{"allow":["GET"]}}],"collection":[{"href":"https:\/\/www.caririemacao.com\/1\/wp-json\/wp\/v2\/posts"}],"about":[{"href":"https:\/\/www.caririemacao.com\/1\/wp-json\/wp\/v2\/types\/post"}],"author":[{"embeddable":true,"href":"https:\/\/www.caririemacao.com\/1\/wp-json\/wp\/v2\/users\/1"}],"replies":[{"embeddable":true,"href":"https:\/\/www.caririemacao.com\/1\/wp-json\/wp\/v2\/comments?post=74494"}],"version-history":[{"count":1,"href":"https:\/\/www.caririemacao.com\/1\/wp-json\/wp\/v2\/posts\/74494\/revisions"}],"predecessor-version":[{"id":74497,"href":"https:\/\/www.caririemacao.com\/1\/wp-json\/wp\/v2\/posts\/74494\/revisions\/74497"}],"wp:featuredmedia":[{"embeddable":true,"href":"https:\/\/www.caririemacao.com\/1\/wp-json\/wp\/v2\/media\/68227"}],"wp:attachment":[{"href":"https:\/\/www.caririemacao.com\/1\/wp-json\/wp\/v2\/media?parent=74494"}],"wp:term":[{"taxonomy":"category","embeddable":true,"href":"https:\/\/www.caririemacao.com\/1\/wp-json\/wp\/v2\/categories?post=74494"},{"taxonomy":"post_tag","embeddable":true,"href":"https:\/\/www.caririemacao.com\/1\/wp-json\/wp\/v2\/tags?post=74494"}],"curies":[{"name":"wp","href":"https:\/\/api.w.org\/{rel}","templated":true}]}}