{"id":74498,"date":"2018-11-27T14:30:48","date_gmt":"2018-11-27T17:30:48","guid":{"rendered":"http:\/\/www.caririemacao.com\/1\/?p=74498"},"modified":"2018-11-27T14:30:48","modified_gmt":"2018-11-27T17:30:48","slug":"projeto-que-barra-escola-sem-partido-causa-divergencias-entre-deputados","status":"publish","type":"post","link":"https:\/\/www.caririemacao.com\/1\/2018\/11\/27\/projeto-que-barra-escola-sem-partido-causa-divergencias-entre-deputados\/","title":{"rendered":"Projeto que barra \u2018Escola Sem Partido\u2019 causa diverg\u00eancias entre deputados"},"content":{"rendered":"<p>Deputados estaduais rejeitaram na manh\u00e3 desta ter\u00e7a-feira (27) pedido do Governo do Estado para que o projeto que barra a aplica\u00e7\u00e3o da \u2018Escola Sem Partido\u2019 nas escolas p\u00fablicas paraibanas fosse votado em car\u00e1ter de urg\u00eancia. A oposi\u00e7\u00e3o alegou que o tema precisa ser amplamente discutido e solicitou uma audi\u00eancia p\u00fablica.<\/p>\n<p>O deputado estadual Bruno Cunha Lima (Solidariedade) argumentou que o tema \u00e9 de interesse da sociedade e a popula\u00e7\u00e3o precisa participar do debate. Segundo ele, trechos do projeto ferem a liberdade individual do aluno e a vota\u00e7\u00e3o urgente \u00e9 um \u2018desservi\u00e7o\u2019.<\/p>\n<p>J\u00e1 o deputado Raniery Paulino (MDB) levantou a possibilidade de interesse pol\u00edtico por tr\u00e1s do projeto criado pelo governador Ricardo Coutinho (PSB). Segundo ele, o governador quer deixar uma influ\u00eancia pol\u00edtica marcada antes de sua sa\u00edda. O emedebista afirma que os parlamentares foram pegos de surpresa e tamb\u00e9m defendeu a discuss\u00e3o ampliada do assunto.<\/p>\n<p>Tamb\u00e9m da oposi\u00e7\u00e3o, o parlamentar Jutay Meneses (PRB) v\u00ea antecipa\u00e7\u00e3o da Casa ao tentar votar o tema e pede que a Assembleia aguarde a decis\u00e3o que est\u00e1 sendo tomada a n\u00edvel nacional. Ele pediu que os deputados aguardem a decis\u00e3o no Supremo Tribunal Federal para discutir e aprimorar o projeto.<\/p>\n<p>A deputada Estela Bezerra (PSB) afirmou que apesar da audi\u00eancia p\u00fablica, a pauta \u2018n\u00e3o deve estar subordinada\u2019 ao que for debatido publicamente. Ela ainda pediu a aten\u00e7\u00e3o dos deputados ao votarem o tema, apesar de ser votado em regime normal.<\/p>\n<p>O l\u00edder do governo na Casa, deputado estadual Herv\u00e1zio Bezerra, justificou que existe pouco tempo para votar as mat\u00e9rias e a Lei Or\u00e7ament\u00e1ria Anual (LOA) e sugeriu que a mat\u00e9ria seja apreciada na pr\u00f3xima ter\u00e7a-feira (4).<\/p>\n<p>\u201cO que n\u00e3o podemos \u00e9 esperar mais tempo. N\u00e3o estamos querendo tratorar, mas \u00e9 em face do pouco tempo para votar as mat\u00e9rias e o or\u00e7amento\u201d, destacou.<\/p>\n<p>A tucana Camila Toscano (PSDB) considerou que a mat\u00e9ria precisa ser apreciada, mas alegou que n\u00e3o existiu regime de urg\u00eancia em outros projetos inseridos na pauta e v\u00ea \u2018atropelos\u2019.<\/p>\n<p>\u201cS\u00f3 porque \u00e9 uma mat\u00e9ria de interesse do governo tem que votar com essa pressa com essa ideia que n\u00e3o teremos tempo. Entendo a import\u00e2ncia, mas todas as mat\u00e9rias aqui s\u00e3o importantes\u201d, pontuou.<\/p>\n<p>O deputado Frei Anast\u00e1cio disse que a Assembleia deve se posicionar independente da realiza\u00e7\u00e3o de audi\u00eancia p\u00fablico. Ele lembrou que em outros estados como Piau\u00ed e Maranh\u00e3o j\u00e1 foram aprovadas leis semelhantes.<\/p>\n<p>\u201cA gente vota esse projeto porque nada da constitui\u00e7\u00e3o impede que seja apresentado pelo governo ou deputado e ser votado. Acho que n\u00e3o vamos ter quorum, mas temos que votar outro dia. N\u00e3o podemos ficar submissos a audi\u00eancia publica\u201d, destacou.<\/p>\n<p><strong>MaisPB<\/strong><\/p>\n","protected":false},"excerpt":{"rendered":"<p>Deputados estaduais rejeitaram na manh\u00e3 desta ter\u00e7a-feira (27) pedido do Governo do Estado para que o projeto que barra a aplica\u00e7\u00e3o da \u2018Escola Sem Partido\u2019&hellip; <\/p>\n","protected":false},"author":1,"featured_media":38050,"comment_status":"closed","ping_status":"closed","sticky":false,"template":"","format":"standard","meta":{"sfsi_plus_gutenberg_text_before_share":"","sfsi_plus_gutenberg_show_text_before_share":"","sfsi_plus_gutenberg_icon_type":"","sfsi_plus_gutenberg_icon_alignemt":"","sfsi_plus_gutenburg_max_per_row":"","footnotes":""},"categories":[11],"tags":[],"class_list":["post-74498","post","type-post","status-publish","format-standard","has-post-thumbnail","hentry","category-politica"],"_links":{"self":[{"href":"https:\/\/www.caririemacao.com\/1\/wp-json\/wp\/v2\/posts\/74498","targetHints":{"allow":["GET"]}}],"collection":[{"href":"https:\/\/www.caririemacao.com\/1\/wp-json\/wp\/v2\/posts"}],"about":[{"href":"https:\/\/www.caririemacao.com\/1\/wp-json\/wp\/v2\/types\/post"}],"author":[{"embeddable":true,"href":"https:\/\/www.caririemacao.com\/1\/wp-json\/wp\/v2\/users\/1"}],"replies":[{"embeddable":true,"href":"https:\/\/www.caririemacao.com\/1\/wp-json\/wp\/v2\/comments?post=74498"}],"version-history":[{"count":1,"href":"https:\/\/www.caririemacao.com\/1\/wp-json\/wp\/v2\/posts\/74498\/revisions"}],"predecessor-version":[{"id":74499,"href":"https:\/\/www.caririemacao.com\/1\/wp-json\/wp\/v2\/posts\/74498\/revisions\/74499"}],"wp:featuredmedia":[{"embeddable":true,"href":"https:\/\/www.caririemacao.com\/1\/wp-json\/wp\/v2\/media\/38050"}],"wp:attachment":[{"href":"https:\/\/www.caririemacao.com\/1\/wp-json\/wp\/v2\/media?parent=74498"}],"wp:term":[{"taxonomy":"category","embeddable":true,"href":"https:\/\/www.caririemacao.com\/1\/wp-json\/wp\/v2\/categories?post=74498"},{"taxonomy":"post_tag","embeddable":true,"href":"https:\/\/www.caririemacao.com\/1\/wp-json\/wp\/v2\/tags?post=74498"}],"curies":[{"name":"wp","href":"https:\/\/api.w.org\/{rel}","templated":true}]}}