{"id":74503,"date":"2018-11-27T14:39:57","date_gmt":"2018-11-27T17:39:57","guid":{"rendered":"http:\/\/www.caririemacao.com\/1\/?p=74503"},"modified":"2018-11-27T15:12:05","modified_gmt":"2018-11-27T18:12:05","slug":"chove-mais-de-60-milimetros-na-cidade-de-monteiro","status":"publish","type":"post","link":"https:\/\/www.caririemacao.com\/1\/2018\/11\/27\/chove-mais-de-60-milimetros-na-cidade-de-monteiro\/","title":{"rendered":"Chove mais de 60 mil\u00edmetros na cidade de Monteiro"},"content":{"rendered":"<p>Choveu forte na noite desta segunda-feira, 26, na cidade de Monteiro, no Cariri paraibano. Tamb\u00e9m foram registradas chuvas em Prata, Zabel\u00ea e S\u00e3o Sebasti\u00e3o do Umbuzeiro.<\/p>\n<p>Conforme informa\u00e7\u00f5es apuradas pela reportagem, os dados pluviom\u00e9tricos registraram 68 mil\u00edmetros em Monteiro.<\/p>\n<p>Devido as forte chuva tamb\u00e9m causou transtornos. O gesso de um corredor do pr\u00e9dio da Universidade Estadual da Para\u00edba em Monteiro caiu.<\/p>\n<p>A Secretaria de Educa\u00e7\u00e3o cancelou as aulas nesta manh\u00e3 na Escola Municipal Ara\u00fajo Valen\u00e7a, devido problemas ocorridos com a chuva.<\/p>\n<p style=\"text-align: right;\"><em><strong>VITRINE DO CARIRI<\/strong><\/em><\/p>\n","protected":false},"excerpt":{"rendered":"<p>Choveu forte na noite desta segunda-feira, 26, na cidade de Monteiro, no Cariri paraibano. Tamb\u00e9m foram registradas chuvas em Prata, Zabel\u00ea e S\u00e3o Sebasti\u00e3o do&hellip; <\/p>\n","protected":false},"author":1,"featured_media":10603,"comment_status":"closed","ping_status":"closed","sticky":false,"template":"","format":"standard","meta":{"sfsi_plus_gutenberg_text_before_share":"","sfsi_plus_gutenberg_show_text_before_share":"","sfsi_plus_gutenberg_icon_type":"","sfsi_plus_gutenberg_icon_alignemt":"","sfsi_plus_gutenburg_max_per_row":"","footnotes":""},"categories":[2],"tags":[],"class_list":["post-74503","post","type-post","status-publish","format-standard","has-post-thumbnail","hentry","category-geral"],"_links":{"self":[{"href":"https:\/\/www.caririemacao.com\/1\/wp-json\/wp\/v2\/posts\/74503","targetHints":{"allow":["GET"]}}],"collection":[{"href":"https:\/\/www.caririemacao.com\/1\/wp-json\/wp\/v2\/posts"}],"about":[{"href":"https:\/\/www.caririemacao.com\/1\/wp-json\/wp\/v2\/types\/post"}],"author":[{"embeddable":true,"href":"https:\/\/www.caririemacao.com\/1\/wp-json\/wp\/v2\/users\/1"}],"replies":[{"embeddable":true,"href":"https:\/\/www.caririemacao.com\/1\/wp-json\/wp\/v2\/comments?post=74503"}],"version-history":[{"count":2,"href":"https:\/\/www.caririemacao.com\/1\/wp-json\/wp\/v2\/posts\/74503\/revisions"}],"predecessor-version":[{"id":74528,"href":"https:\/\/www.caririemacao.com\/1\/wp-json\/wp\/v2\/posts\/74503\/revisions\/74528"}],"wp:featuredmedia":[{"embeddable":true,"href":"https:\/\/www.caririemacao.com\/1\/wp-json\/wp\/v2\/media\/10603"}],"wp:attachment":[{"href":"https:\/\/www.caririemacao.com\/1\/wp-json\/wp\/v2\/media?parent=74503"}],"wp:term":[{"taxonomy":"category","embeddable":true,"href":"https:\/\/www.caririemacao.com\/1\/wp-json\/wp\/v2\/categories?post=74503"},{"taxonomy":"post_tag","embeddable":true,"href":"https:\/\/www.caririemacao.com\/1\/wp-json\/wp\/v2\/tags?post=74503"}],"curies":[{"name":"wp","href":"https:\/\/api.w.org\/{rel}","templated":true}]}}