{"id":74513,"date":"2018-11-27T14:46:56","date_gmt":"2018-11-27T17:46:56","guid":{"rendered":"http:\/\/www.caririemacao.com\/1\/?p=74513"},"modified":"2018-11-27T14:46:56","modified_gmt":"2018-11-27T17:46:56","slug":"prefeitos-de-400-cidades-preparam-apelos-e-sugestoes-para-bolsonaro","status":"publish","type":"post","link":"https:\/\/www.caririemacao.com\/1\/2018\/11\/27\/prefeitos-de-400-cidades-preparam-apelos-e-sugestoes-para-bolsonaro\/","title":{"rendered":"Prefeitos de 400 cidades preparam apelos e sugest\u00f5es para Bolsonaro"},"content":{"rendered":"<p>Prefeitos de 400 cidades brasileiras com mais de 80 mil habitantes fecharam hoje (27) a carta que ser\u00e1 entregue na pr\u00f3xima semana ao presidente eleito, Jair Bolsonaro. No documento, eles reafirmam apoio \u00e0s reformas estruturais, defendem a recomposi\u00e7\u00e3o do or\u00e7amento de \u00e1reas estrat\u00e9gicas, como educa\u00e7\u00e3o e assist\u00eancia social, e apelam por mudan\u00e7as no repasse de recursos aos munic\u00edpios.<\/p>\n<p>Uma das bandeiras defendidas pelo grupo \u00e9 a simplifica\u00e7\u00e3o da cobran\u00e7a de impostos que pode ser prevista em uma reforma tribut\u00e1ria. As prefeituras sugerem fundir tributos e racionalizar cobran\u00e7a, garantindo \u00e0s cidades a decis\u00e3o sobre como e quanto cobrariam.<\/p>\n<div class=\"dnd-widget-wrapper context-cheio_8colunas type-image\">\n<div class=\"dnd-atom-rendered\"><!-- scald=127263:cheio_8colunas --><\/p>\n<figure class=\"mejs-fotoh-wrapper\"><img decoding=\"async\" class=\"img-responsive full full lazyload\" title=\"Marcelo Camargo\/Ag\u00eancia Brasil\" data-src=\"http:\/\/imagens.ebc.com.br\/NhndKRpXSlFLLW7oMgTmSd37Ut4=\/754x0\/smart\/http:\/\/agenciabrasil.ebc.com.br\/sites\/default\/files\/thumbnails\/image\/edit_mcmgo_abr_2211187496.jpg?itok=WcIc29Ay\" alt=\"O Presidente eleito Jair Bolsonaro, fala com a imprensa ap\u00f3s reuni\u00e3o com os futuros comandantes das For\u00e7as Armadas, no Comando da Marinha, em Bras\u00edlia.\" src=\"data:image\/svg+xml;base64,PHN2ZyB3aWR0aD0iMSIgaGVpZ2h0PSIxIiB4bWxucz0iaHR0cDovL3d3dy53My5vcmcvMjAwMC9zdmciPjwvc3ZnPg==\" \/><\/figure>\n<p><!-- END scald=127263 --><\/div>\n<div class=\"dnd-caption-wrapper\">\n<div class=\"meta\"><!--copyright=127263-->Bolsonaro\u00a0receber\u00e1 carta de prefeitos que reafirmam apoio \u00e0s reformas estruturais\u00a0\u00a0\u00a0\u00a0\u00a0\u00a0\u00a0\u00a0\u00a0\u00a0 <strong>(Arquivo\/<\/strong><strong>Marcelo Camargo\/Ag\u00eancia Brasil)<\/strong><!--END copyright=127263--><\/div>\n<\/div>\n<\/div>\n<p>\u201cA receita pr\u00f3pria precisa ser preservada. \u00c9 inaceit\u00e1vel trocar a base local pelo repasse do que vier a ser arrecadado por outro ente\u201d, destaca o texto.<\/p>\n<p>Os prefeitos pedem ainda que os repasses municipais do fundo de participa\u00e7\u00e3o e cotas, da Uni\u00e3o e dos Estados, passem a ser di\u00e1rios, como j\u00e1 ocorre no sistema Simples.<\/p>\n<p>Eles pedem ainda a retomada do suporte financeiro para projetos de investimento em moderniza\u00e7\u00e3o da gest\u00e3o tribut\u00e1ria, a cria\u00e7\u00e3o de sistemas nacionais mais \u00e1geis e integrados, entre tributos das tr\u00eas esferas de governo e o aprimoramento do crit\u00e9rio de partilha do Fundo de Participa\u00e7\u00e3o dos Munic\u00edpios (FPM).<\/p>\n<h2>Previd\u00eancia<\/h2>\n<p>As cidades representadas na carta destinada ao futuro governo respondem por 75% do Produto Interno Bruto (PIB) nacional e abrigam 60% da popula\u00e7\u00e3o brasileira.<\/p>\n<p>Com esse peso pretendem influenciar parlamentares a avan\u00e7ar tamb\u00e9m com a reforma da Previd\u00eancia. O apoio p\u00fablico ao texto submetido ao Congresso Nacional \u00e9 associado ao pedido para que as mudan\u00e7as contemplem as realidades municipais.<\/p>\n<p>Na carta, os prefeitos destacam aspectos como idade m\u00ednima e tempo de contribui\u00e7\u00e3o e pedem a defini\u00e7\u00e3o de um prazo para adapta\u00e7\u00e3o ao novo regime. O texto tamb\u00e9m destaca a necessidade de manuten\u00e7\u00e3o e aprimoramento do programa Mais M\u00e9dicos. Segundo eles, o programa \u00e9 fundamental para melhorar a aten\u00e7\u00e3o b\u00e1sica local.<\/p>\n<p>Os prefeitos afirmam ainda que a participa\u00e7\u00e3o relativa do munic\u00edpio no financiamento da sa\u00fade p\u00fablica \u201cvem apresentando agudo crescimento desde 2001, tornando-se insustent\u00e1vel para as finan\u00e7as municipais\u00a0\u00a0\u00a0\u00a0\u00a0\u00a0 manterem esse n\u00edvel de investimento\u201d.<\/p>\n<p>A situa\u00e7\u00e3o, segundo eles, \u00e9 ainda pior em fun\u00e7\u00e3o do congelamento do percentual dos estados e redu\u00e7\u00e3o da parcela da Uni\u00e3o para a \u00e1rea.<\/p>\n<p>A amea\u00e7a, de acordo com o texto, recai sobre a Aten\u00e7\u00e3o B\u00e1sica que pode ser prejudicada, gerando um custo maior com setores de urg\u00eancia, emerg\u00eancia, m\u00e9dia e alta complexidades.<\/p>\n<h2>Educa\u00e7\u00e3o<\/h2>\n<p>Outro destaque da carta \u00e9 o apoio \u00e0 proposta de emenda constitucional que torna permanente o Fundo de Manuten\u00e7\u00e3o e Desenvolvimento da Educa\u00e7\u00e3o B\u00e1sica e de Valoriza\u00e7\u00e3o dos Profissionais da Educa\u00e7\u00e3o (Fundeb). Atualmente, a vig\u00eancia do fundo est\u00e1 prevista para terminar em 2020.<\/p>\n<p>Os prefeitos ainda defendem a manuten\u00e7\u00e3o das creches no leque da educa\u00e7\u00e3o b\u00e1sica, contando com a previs\u00e3o or\u00e7ament\u00e1ria.<\/p>\n<p>\u201cA educa\u00e7\u00e3o infantil n\u00e3o pode retroceder a uma simples pol\u00edtica assistencialista\u201d, alertam. Segundo eles, um dos maiores desafios dos munic\u00edpios \u00e9 cumprir a meta do Plano Nacional de Educa\u00e7\u00e3o, de atender, no m\u00ednimo, 50% das crian\u00e7as de at\u00e9 tr\u00eas anos em 2024.<\/p>\n<p>Os prefeitos tamb\u00e9m sugerem a estrutura\u00e7\u00e3o do Sistema \u00danico de Seguran\u00e7a P\u00fablica (SUSP), com participa\u00e7\u00e3o de todos os entes federados na tomada de decis\u00f5es. De acordo com eles, assim como Sistema \u00danico de Sa\u00fade, o SUSP \u201cdeve contar com o protagonismo municipal\u201d.<\/p>\n<p>&nbsp;<\/p>\n<p>EBC<\/p>\n","protected":false},"excerpt":{"rendered":"<p>Prefeitos de 400 cidades brasileiras com mais de 80 mil habitantes fecharam hoje (27) a carta que ser\u00e1 entregue na pr\u00f3xima semana ao presidente eleito,&hellip; <\/p>\n","protected":false},"author":1,"featured_media":52520,"comment_status":"closed","ping_status":"closed","sticky":false,"template":"","format":"standard","meta":{"sfsi_plus_gutenberg_text_before_share":"","sfsi_plus_gutenberg_show_text_before_share":"","sfsi_plus_gutenberg_icon_type":"","sfsi_plus_gutenberg_icon_alignemt":"","sfsi_plus_gutenburg_max_per_row":"","footnotes":""},"categories":[50,11],"tags":[],"class_list":["post-74513","post","type-post","status-publish","format-standard","has-post-thumbnail","hentry","category-destaque","category-politica"],"_links":{"self":[{"href":"https:\/\/www.caririemacao.com\/1\/wp-json\/wp\/v2\/posts\/74513","targetHints":{"allow":["GET"]}}],"collection":[{"href":"https:\/\/www.caririemacao.com\/1\/wp-json\/wp\/v2\/posts"}],"about":[{"href":"https:\/\/www.caririemacao.com\/1\/wp-json\/wp\/v2\/types\/post"}],"author":[{"embeddable":true,"href":"https:\/\/www.caririemacao.com\/1\/wp-json\/wp\/v2\/users\/1"}],"replies":[{"embeddable":true,"href":"https:\/\/www.caririemacao.com\/1\/wp-json\/wp\/v2\/comments?post=74513"}],"version-history":[{"count":1,"href":"https:\/\/www.caririemacao.com\/1\/wp-json\/wp\/v2\/posts\/74513\/revisions"}],"predecessor-version":[{"id":74514,"href":"https:\/\/www.caririemacao.com\/1\/wp-json\/wp\/v2\/posts\/74513\/revisions\/74514"}],"wp:featuredmedia":[{"embeddable":true,"href":"https:\/\/www.caririemacao.com\/1\/wp-json\/wp\/v2\/media\/52520"}],"wp:attachment":[{"href":"https:\/\/www.caririemacao.com\/1\/wp-json\/wp\/v2\/media?parent=74513"}],"wp:term":[{"taxonomy":"category","embeddable":true,"href":"https:\/\/www.caririemacao.com\/1\/wp-json\/wp\/v2\/categories?post=74513"},{"taxonomy":"post_tag","embeddable":true,"href":"https:\/\/www.caririemacao.com\/1\/wp-json\/wp\/v2\/tags?post=74513"}],"curies":[{"name":"wp","href":"https:\/\/api.w.org\/{rel}","templated":true}]}}