{"id":74515,"date":"2018-11-27T14:48:46","date_gmt":"2018-11-27T17:48:46","guid":{"rendered":"http:\/\/www.caririemacao.com\/1\/?p=74515"},"modified":"2018-11-27T14:48:46","modified_gmt":"2018-11-27T17:48:46","slug":"exercito-faz-cerimonia-para-destruir-10-mil-armas-ilegais","status":"publish","type":"post","link":"https:\/\/www.caririemacao.com\/1\/2018\/11\/27\/exercito-faz-cerimonia-para-destruir-10-mil-armas-ilegais\/","title":{"rendered":"Ex\u00e9rcito faz cerim\u00f4nia para destruir 10 mil armas ilegais"},"content":{"rendered":"<p>O Ex\u00e9rcito Brasileiro realizou\u00a0<span id=\"OBJ_PREFIX_DWT209_com_zimbra_date\" role=\"link\"><span id=\"OBJ_PREFIX_DWT216_com_zimbra_date\" role=\"link\">hoje<\/span><\/span>\u00a0(27) a Opera\u00e7\u00e3o Vulc\u00e3o II, que destruiu 10 mil armas ilegais apreendidas em opera\u00e7\u00f5es policiais e \u00a0consideradas desnecess\u00e1rias pelos ju\u00edzes para dar continuidade aos processos. Desse total, 9.700 pertenciam a criminosos &#8211; e estavam sob poder da Justi\u00e7a &#8211; e 300 foram entregues voluntariamente pela popula\u00e7\u00e3o.<\/p>\n<p>A cerim\u00f4nia de destrui\u00e7\u00e3o faz parte de um acordo entre o Ex\u00e9rcito e o Conselho Nacional de Justi\u00e7a, feito para acelerar a retirada dessas armas de circula\u00e7\u00e3o. O acordo, firmado em novembro do ano passado, tamb\u00e9m garante a doa\u00e7\u00e3o dos armamentos reaproveit\u00e1veis aos \u00f3rg\u00e3os de seguran\u00e7a p\u00fablica e \u00e0s For\u00e7as Armadas.<\/p>\n<p>O comandante da 1\u00aa Regi\u00e3o Militar (que engloba os estados do Rio<span id=\"OBJ_PREFIX_DWT217_com_zimbra_date\" role=\"link\">\u00a0de Janeiro<\/span>\u00a0e Esp\u00edrito Santo), general Fernando Jos\u00e9 Soares, explica que a destrui\u00e7\u00e3o realizada\u00a0<span id=\"OBJ_PREFIX_DWT210_com_zimbra_date\" role=\"link\"><span id=\"OBJ_PREFIX_DWT218_com_zimbra_date\" role=\"link\">hoje<\/span><\/span>\u00a0com o uso de rolo compressor corresponde a uma fase inicial do processo.<\/p>\n<p>\u201cAs armas que foram apreendidas s\u00e3o armas ilegais, que est\u00e3o saindo de circula\u00e7\u00e3o para que n\u00e3o possam ferir mais seres humanos. Com a destrui\u00e7\u00e3o realizada\u00a0<span id=\"OBJ_PREFIX_DWT211_com_zimbra_date\" role=\"link\"><span id=\"OBJ_PREFIX_DWT219_com_zimbra_date\" role=\"link\">hoje<\/span><\/span>\u00a0\u00e9 imposs\u00edvel utilizar as armas, mas ainda assim elas v\u00e3o ser submetidas a um alto-forno para serem derretidas\u201d, explica.<\/p>\n<p>A iniciativa tem o objetivo de facilitar a doa\u00e7\u00e3o e destrui\u00e7\u00e3o de armamento, refor\u00e7ar o poder b\u00e9lico das for\u00e7as de seguran\u00e7a do estado e tamb\u00e9m busca conscientizar a popula\u00e7\u00e3o brasileira sobre a viol\u00eancia armada.<\/p>\n<p>&nbsp;<\/p>\n<p>EBC<\/p>\n","protected":false},"excerpt":{"rendered":"<p>O Ex\u00e9rcito Brasileiro realizou\u00a0hoje\u00a0(27) a Opera\u00e7\u00e3o Vulc\u00e3o II, que destruiu 10 mil armas ilegais apreendidas em opera\u00e7\u00f5es policiais e \u00a0consideradas desnecess\u00e1rias pelos ju\u00edzes para dar&hellip; <\/p>\n","protected":false},"author":1,"featured_media":21232,"comment_status":"closed","ping_status":"closed","sticky":false,"template":"","format":"standard","meta":{"sfsi_plus_gutenberg_text_before_share":"","sfsi_plus_gutenberg_show_text_before_share":"","sfsi_plus_gutenberg_icon_type":"","sfsi_plus_gutenberg_icon_alignemt":"","sfsi_plus_gutenburg_max_per_row":"","footnotes":""},"categories":[1],"tags":[],"class_list":["post-74515","post","type-post","status-publish","format-standard","has-post-thumbnail","hentry","category-o-site"],"_links":{"self":[{"href":"https:\/\/www.caririemacao.com\/1\/wp-json\/wp\/v2\/posts\/74515","targetHints":{"allow":["GET"]}}],"collection":[{"href":"https:\/\/www.caririemacao.com\/1\/wp-json\/wp\/v2\/posts"}],"about":[{"href":"https:\/\/www.caririemacao.com\/1\/wp-json\/wp\/v2\/types\/post"}],"author":[{"embeddable":true,"href":"https:\/\/www.caririemacao.com\/1\/wp-json\/wp\/v2\/users\/1"}],"replies":[{"embeddable":true,"href":"https:\/\/www.caririemacao.com\/1\/wp-json\/wp\/v2\/comments?post=74515"}],"version-history":[{"count":1,"href":"https:\/\/www.caririemacao.com\/1\/wp-json\/wp\/v2\/posts\/74515\/revisions"}],"predecessor-version":[{"id":74516,"href":"https:\/\/www.caririemacao.com\/1\/wp-json\/wp\/v2\/posts\/74515\/revisions\/74516"}],"wp:featuredmedia":[{"embeddable":true,"href":"https:\/\/www.caririemacao.com\/1\/wp-json\/wp\/v2\/media\/21232"}],"wp:attachment":[{"href":"https:\/\/www.caririemacao.com\/1\/wp-json\/wp\/v2\/media?parent=74515"}],"wp:term":[{"taxonomy":"category","embeddable":true,"href":"https:\/\/www.caririemacao.com\/1\/wp-json\/wp\/v2\/categories?post=74515"},{"taxonomy":"post_tag","embeddable":true,"href":"https:\/\/www.caririemacao.com\/1\/wp-json\/wp\/v2\/tags?post=74515"}],"curies":[{"name":"wp","href":"https:\/\/api.w.org\/{rel}","templated":true}]}}