{"id":74519,"date":"2018-11-27T14:56:45","date_gmt":"2018-11-27T17:56:45","guid":{"rendered":"http:\/\/www.caririemacao.com\/1\/?p=74519"},"modified":"2018-11-27T14:56:45","modified_gmt":"2018-11-27T17:56:45","slug":"turma-do-stf-deve-julgar-pedido-de-liberdade-de-lula-em-dezembro","status":"publish","type":"post","link":"https:\/\/www.caririemacao.com\/1\/2018\/11\/27\/turma-do-stf-deve-julgar-pedido-de-liberdade-de-lula-em-dezembro\/","title":{"rendered":"Turma do STF deve julgar pedido de liberdade de Lula em dezembro"},"content":{"rendered":"<p>A Segunda Turma do Supremo Tribunal Federal (STF) deve julgar em dezembro mais um pedido de liberdade feito pela defesa do ex-presidente Luiz In\u00e1cio Lula da Silva. O processo foi liberado para julgamento nesta ter\u00e7a-feira (27) pelo relator, ministro Edson Fachin. A data de julgamento ser\u00e1 definida pelo presidente da turma, Ricardo Lewandowski, respons\u00e1vel pela pauta de julgamentos do colegiado.<\/p>\n<p>No <em>habeas corpus<\/em>, a defesa de Lula argumenta que a ida do juiz Sergio Moro para o governo do presidente eleito Jair Bolsonaro demonstra parcialidade do magistrado e tamb\u00e9m que ele agiu \u201cpoliticamente\u201d. Moro ir\u00e1 assumir o Minist\u00e9rio da Justi\u00e7a em janeiro.<\/p>\n<p>Os advogados de Lula querem que seja reconhecida a suspei\u00e7\u00e3o de Moro para julgar processos contra o ex-presidente e que sejam considerados nulos todos os atos processuais que resultaram na condena\u00e7\u00e3o no caso do triplex do Guaruj\u00e1 (SP).<\/p>\n<p>Lula est\u00e1 preso desde 7 de abril na Superintend\u00eancia da Pol\u00edcia Federal em Curitiba, ap\u00f3s ter sua condena\u00e7\u00e3o no caso confirmada pelo Tribunal Regional Federal 4\u00aa Regi\u00e3o (TRF4), que imp\u00f4s pena de 12 anos e um m\u00eas de pris\u00e3o ao ex-presidente, pelos crimes de corrup\u00e7\u00e3o passiva e lavagem de dinheiro.<\/p>\n<p>Respons\u00e1vel pelos processos da Lava Jato na 13\u00aa Vara Criminal de Curitiba, Moro <a href=\"http:\/\/agenciabrasil.ebc.com.br\/politica\/noticia\/2018-11\/moro-diz-que-governo-bolsonaro-nao-fara-discriminacao-de-qualquer-tipo\" target=\"_blank\" rel=\"noopener\">nega qualquer irregularidade em sua conduta <\/a>e a\u00a0decis\u00e3o de ingressar no governo eleito ocorreu depois de medidas\u00a0tomadas por ele, como o julgamento do ex-presidente Lula.<\/p>\n<p>Ag\u00eancia Brasil<\/p>\n","protected":false},"excerpt":{"rendered":"<p>A Segunda Turma do Supremo Tribunal Federal (STF) deve julgar em dezembro mais um pedido de liberdade feito pela defesa do ex-presidente Luiz In\u00e1cio Lula&hellip; <\/p>\n","protected":false},"author":1,"featured_media":46618,"comment_status":"closed","ping_status":"closed","sticky":false,"template":"","format":"standard","meta":{"sfsi_plus_gutenberg_text_before_share":"","sfsi_plus_gutenberg_show_text_before_share":"","sfsi_plus_gutenberg_icon_type":"","sfsi_plus_gutenberg_icon_alignemt":"","sfsi_plus_gutenburg_max_per_row":"","footnotes":""},"categories":[50,11],"tags":[],"class_list":["post-74519","post","type-post","status-publish","format-standard","has-post-thumbnail","hentry","category-destaque","category-politica"],"_links":{"self":[{"href":"https:\/\/www.caririemacao.com\/1\/wp-json\/wp\/v2\/posts\/74519","targetHints":{"allow":["GET"]}}],"collection":[{"href":"https:\/\/www.caririemacao.com\/1\/wp-json\/wp\/v2\/posts"}],"about":[{"href":"https:\/\/www.caririemacao.com\/1\/wp-json\/wp\/v2\/types\/post"}],"author":[{"embeddable":true,"href":"https:\/\/www.caririemacao.com\/1\/wp-json\/wp\/v2\/users\/1"}],"replies":[{"embeddable":true,"href":"https:\/\/www.caririemacao.com\/1\/wp-json\/wp\/v2\/comments?post=74519"}],"version-history":[{"count":1,"href":"https:\/\/www.caririemacao.com\/1\/wp-json\/wp\/v2\/posts\/74519\/revisions"}],"predecessor-version":[{"id":74520,"href":"https:\/\/www.caririemacao.com\/1\/wp-json\/wp\/v2\/posts\/74519\/revisions\/74520"}],"wp:featuredmedia":[{"embeddable":true,"href":"https:\/\/www.caririemacao.com\/1\/wp-json\/wp\/v2\/media\/46618"}],"wp:attachment":[{"href":"https:\/\/www.caririemacao.com\/1\/wp-json\/wp\/v2\/media?parent=74519"}],"wp:term":[{"taxonomy":"category","embeddable":true,"href":"https:\/\/www.caririemacao.com\/1\/wp-json\/wp\/v2\/categories?post=74519"},{"taxonomy":"post_tag","embeddable":true,"href":"https:\/\/www.caririemacao.com\/1\/wp-json\/wp\/v2\/tags?post=74519"}],"curies":[{"name":"wp","href":"https:\/\/api.w.org\/{rel}","templated":true}]}}