{"id":74525,"date":"2018-11-27T15:21:44","date_gmt":"2018-11-27T18:21:44","guid":{"rendered":"http:\/\/www.caririemacao.com\/1\/?p=74525"},"modified":"2018-11-27T15:21:44","modified_gmt":"2018-11-27T18:21:44","slug":"bolsonaro-recebe-embaixador-do-peru-tecnicos-e-ministros-da-transicao","status":"publish","type":"post","link":"https:\/\/www.caririemacao.com\/1\/2018\/11\/27\/bolsonaro-recebe-embaixador-do-peru-tecnicos-e-ministros-da-transicao\/","title":{"rendered":"Bolsonaro recebe embaixador do Peru, t\u00e9cnicos e ministros da transi\u00e7\u00e3o"},"content":{"rendered":"<p>Pela quarta vez em Bras\u00edlia, desde que foi eleito para a Presid\u00eancia da Rep\u00fablica, Jair Bolsonaro recebeu hoje (27) pela manh\u00e3 o embaixador do Peru, Vicente Rojas. Nas vindas a Bras\u00edlia, Bolsonaro se re\u00fane com ministros confirmados e t\u00e9cnicos da equipe de transi\u00e7\u00e3o, e tamb\u00e9m com os diplomatas estrangeiros. Ele j\u00e1 conversou com os embaixadores dos Estados Unidos, China, It\u00e1lia, entre outros.<\/p>\n<p>O presidente eleito chegou por volta das 10h no Centro Cultural Banco do Brasil (CCBB), onde funciona o gabinete de transi\u00e7\u00e3o e n\u00e3o deu declara\u00e7\u00f5es. Ele passou a maior parte da manh\u00e3 se revezando em reuni\u00f5es com a equipe de t\u00e9cnicos e ministros j\u00e1 confirmados.<\/p>\n<p>Pelo menos nove nomes do primeiro escal\u00e3o de seu governo tiveram atividades e conversas tamb\u00e9m no primeiro andar do CCBB: Tereza Cristina (Agricultura), Sergio Moro (Justi\u00e7a), Gustavo Bebianno (Secretaria-Geral), Marcos Pontes (Ci\u00eancia e Tecnologia), general Augusto Heleno (Gabinete de Seguran\u00e7a Institucional), Paulo Guedes (Economia), Azevedo e Silva (Defesa), Ernesto Ara\u00fajo (Itamaraty) e Luiz Henrique Mandetta (Sa\u00fade).<\/p>\n<p>A deputada federal Tereza Cristina (DEM-MS), confirmada para a Agricultura, reuniu-se com Pedro Parente, presidente da BRF e ex-presidente da Petrobras. N\u00e3o foram divulgados detalhes do encontro.<\/p>\n<p>Os trabalhos da transi\u00e7\u00e3o est\u00e3o sob coordena\u00e7\u00e3o do ministro extraordin\u00e1rio, Onyx Lorenzoni, confirmado para a Casa Civil.<\/p>\n<p>Bolsonaro volta para o Rio amanh\u00e3 (28). A expectativa \u00e9 que ainda esta semana sejam definidos os nomes para os minist\u00e9rios do Meio Ambiente, de Infraestrutura, do Esporte, de Direitos Humanos, Mulheres, Minorias e Desenvolvimento Social e o de Minas e Energia.<\/p>\n<p>&nbsp;<\/p>\n<p>EBC<\/p>\n","protected":false},"excerpt":{"rendered":"<p>Pela quarta vez em Bras\u00edlia, desde que foi eleito para a Presid\u00eancia da Rep\u00fablica, Jair Bolsonaro recebeu hoje (27) pela manh\u00e3 o embaixador do Peru,&hellip; <\/p>\n","protected":false},"author":1,"featured_media":74529,"comment_status":"closed","ping_status":"closed","sticky":false,"template":"","format":"standard","meta":{"sfsi_plus_gutenberg_text_before_share":"","sfsi_plus_gutenberg_show_text_before_share":"","sfsi_plus_gutenberg_icon_type":"","sfsi_plus_gutenberg_icon_alignemt":"","sfsi_plus_gutenburg_max_per_row":"","footnotes":""},"categories":[11],"tags":[],"class_list":["post-74525","post","type-post","status-publish","format-standard","has-post-thumbnail","hentry","category-politica"],"_links":{"self":[{"href":"https:\/\/www.caririemacao.com\/1\/wp-json\/wp\/v2\/posts\/74525","targetHints":{"allow":["GET"]}}],"collection":[{"href":"https:\/\/www.caririemacao.com\/1\/wp-json\/wp\/v2\/posts"}],"about":[{"href":"https:\/\/www.caririemacao.com\/1\/wp-json\/wp\/v2\/types\/post"}],"author":[{"embeddable":true,"href":"https:\/\/www.caririemacao.com\/1\/wp-json\/wp\/v2\/users\/1"}],"replies":[{"embeddable":true,"href":"https:\/\/www.caririemacao.com\/1\/wp-json\/wp\/v2\/comments?post=74525"}],"version-history":[{"count":1,"href":"https:\/\/www.caririemacao.com\/1\/wp-json\/wp\/v2\/posts\/74525\/revisions"}],"predecessor-version":[{"id":74530,"href":"https:\/\/www.caririemacao.com\/1\/wp-json\/wp\/v2\/posts\/74525\/revisions\/74530"}],"wp:featuredmedia":[{"embeddable":true,"href":"https:\/\/www.caririemacao.com\/1\/wp-json\/wp\/v2\/media\/74529"}],"wp:attachment":[{"href":"https:\/\/www.caririemacao.com\/1\/wp-json\/wp\/v2\/media?parent=74525"}],"wp:term":[{"taxonomy":"category","embeddable":true,"href":"https:\/\/www.caririemacao.com\/1\/wp-json\/wp\/v2\/categories?post=74525"},{"taxonomy":"post_tag","embeddable":true,"href":"https:\/\/www.caririemacao.com\/1\/wp-json\/wp\/v2\/tags?post=74525"}],"curies":[{"name":"wp","href":"https:\/\/api.w.org\/{rel}","templated":true}]}}