{"id":74526,"date":"2018-11-27T15:10:21","date_gmt":"2018-11-27T18:10:21","guid":{"rendered":"http:\/\/www.caririemacao.com\/1\/?p=74526"},"modified":"2018-11-27T15:15:10","modified_gmt":"2018-11-27T18:15:10","slug":"urgente-lula-pode-ser-julgado-em-dezembro","status":"publish","type":"post","link":"https:\/\/www.caririemacao.com\/1\/2018\/11\/27\/urgente-lula-pode-ser-julgado-em-dezembro\/","title":{"rendered":"URGENTE: Lula pode ser julgado em dezembro"},"content":{"rendered":"<p>O ministro Ricardo Lewandowski, presidente da Segunda Turma do Supremo Tribunal Federal (STF), disse nesta ter\u00e7a-feira (27\/11) que o habeas corpus apresentado pela defesa do ex-presidente Luiz In\u00e1cio Lula da Silva, liberado para pauta hoje pelo ministro Edson Fachin, pode ser julgado at\u00e9 dezembro pela turma. Em despacho desta ter\u00e7a, Fachin sugere que o pedido do ex-presidente seja analisado pela turma na sess\u00e3o do dia 4 de dezembro.<\/p>\n<p>Apresentado no in\u00edcio de novembro, o processo de Lula pede que seja reconhecida a suposta \u201cperda da imparcialidade\u201d do ex-juiz federal S\u00e9rgio Moro, anulando-se todos os atos do ent\u00e3o magistrado no caso do triplex do Guaruj\u00e1 e em outras a\u00e7\u00f5es penais que miram o petista. Caso o pedido seja atendido, resultaria na liberdade do petista.<\/p>\n<p>Al\u00e9m de Lewandowski e Fachin, integram a Segunda Turma do STF os ministros C\u00e1rmen L\u00facia, Gilmar Mendes e o decano do tribunal, ministro Celso de Mello. A defesa de Lula entrou com um novo habeas corpus no STF depois que Moro aceitou convite para ser ministro da \u201csuperpasta\u201d da Justi\u00e7a e Seguran\u00e7a P\u00fablica no governo do presidente eleito Jair Bolsonaro (PSL).<\/p>\n<p>Para os advogados do ex-presidente, Moro agiu no caso de Lula \u2018movido por interesses pessoais e estranhos \u00e0 atividade jurisdicional, revelando, ainda, inimizade pessoal\u2019 com o ex-presidente.<\/p>\n<p>\u201cLula est\u00e1 sendo v\u00edtima de verdadeira ca\u00e7ada judicial entabulada por um agente togado que se utilizou indevidamente de expedientes jur\u00eddicos para perseguir politicamente um cidad\u00e3o\u201d, sustentam os defensores do petista.<\/p>\n<p>O Tribunal Regional Federal da 4\u00aa Regi\u00e3o (TRF-4) condenou Lula a 12 anos e um m\u00eas de pris\u00e3o no caso do \u201ctriplex do Guaruj\u00e1\u201d, pelos crimes de corrup\u00e7\u00e3o passiva e lavagem de dinheiro. Com base nessa condena\u00e7\u00e3o, Lula foi enquadrado na Lei da Ficha Limpa e teve o registro de sua candidatura negado pelo Tribunal Superior Eleitoral (TSE) no dia 1.\u00ba de setembro.<\/p>\n<p style=\"text-align: right;\"><em><strong>Metr\u00f3poles\/ Foto: Internet\u00a0<\/strong><\/em><\/p>\n","protected":false},"excerpt":{"rendered":"<p>O ministro Ricardo Lewandowski, presidente da Segunda Turma do Supremo Tribunal Federal (STF), disse nesta ter\u00e7a-feira (27\/11) que o habeas corpus apresentado pela defesa do&hellip; <\/p>\n","protected":false},"author":1,"featured_media":46477,"comment_status":"closed","ping_status":"closed","sticky":false,"template":"","format":"standard","meta":{"sfsi_plus_gutenberg_text_before_share":"","sfsi_plus_gutenberg_show_text_before_share":"","sfsi_plus_gutenberg_icon_type":"","sfsi_plus_gutenberg_icon_alignemt":"","sfsi_plus_gutenburg_max_per_row":"","footnotes":""},"categories":[11],"tags":[],"class_list":["post-74526","post","type-post","status-publish","format-standard","has-post-thumbnail","hentry","category-politica"],"_links":{"self":[{"href":"https:\/\/www.caririemacao.com\/1\/wp-json\/wp\/v2\/posts\/74526","targetHints":{"allow":["GET"]}}],"collection":[{"href":"https:\/\/www.caririemacao.com\/1\/wp-json\/wp\/v2\/posts"}],"about":[{"href":"https:\/\/www.caririemacao.com\/1\/wp-json\/wp\/v2\/types\/post"}],"author":[{"embeddable":true,"href":"https:\/\/www.caririemacao.com\/1\/wp-json\/wp\/v2\/users\/1"}],"replies":[{"embeddable":true,"href":"https:\/\/www.caririemacao.com\/1\/wp-json\/wp\/v2\/comments?post=74526"}],"version-history":[{"count":1,"href":"https:\/\/www.caririemacao.com\/1\/wp-json\/wp\/v2\/posts\/74526\/revisions"}],"predecessor-version":[{"id":74527,"href":"https:\/\/www.caririemacao.com\/1\/wp-json\/wp\/v2\/posts\/74526\/revisions\/74527"}],"wp:featuredmedia":[{"embeddable":true,"href":"https:\/\/www.caririemacao.com\/1\/wp-json\/wp\/v2\/media\/46477"}],"wp:attachment":[{"href":"https:\/\/www.caririemacao.com\/1\/wp-json\/wp\/v2\/media?parent=74526"}],"wp:term":[{"taxonomy":"category","embeddable":true,"href":"https:\/\/www.caririemacao.com\/1\/wp-json\/wp\/v2\/categories?post=74526"},{"taxonomy":"post_tag","embeddable":true,"href":"https:\/\/www.caririemacao.com\/1\/wp-json\/wp\/v2\/tags?post=74526"}],"curies":[{"name":"wp","href":"https:\/\/api.w.org\/{rel}","templated":true}]}}