{"id":74531,"date":"2018-11-27T15:36:20","date_gmt":"2018-11-27T18:36:20","guid":{"rendered":"http:\/\/www.caririemacao.com\/1\/?p=74531"},"modified":"2018-11-27T15:36:20","modified_gmt":"2018-11-27T18:36:20","slug":"comunidade-rural-de-monteiro-recebe-curso-de-qualificacao-pela-prefeitura-de-monteiro","status":"publish","type":"post","link":"https:\/\/www.caririemacao.com\/1\/2018\/11\/27\/comunidade-rural-de-monteiro-recebe-curso-de-qualificacao-pela-prefeitura-de-monteiro\/","title":{"rendered":"Comunidade rural de Monteiro recebe curso de qualifica\u00e7\u00e3o pela Prefeitura de Monteiro"},"content":{"rendered":"<p>Vinte alunos da comunidade rural de Barreiros iniciaram na noite desta segunda-feira, 26, o curso de Cabeleireiro oferecido pela Prefeitura de Monteiro, atrav\u00e9s da Secretaria de Desenvolvimento Social.<\/p>\n<p>A iniciativa de oferecer os cursos \u00e0 popula\u00e7\u00e3o de Monteiro est\u00e1 inserida na pol\u00edtica de incentivo \u00e0 qualifica\u00e7\u00e3o para gera\u00e7\u00e3o de emprego e renda no munic\u00edpio, e neste ano as a\u00e7\u00f5es se entenderam tamb\u00e9m para as comunidades rurais.<\/p>\n<p>Na zona urbana foram ofertados os cursos de Confec\u00e7\u00e3o de cal\u00e7ados, Confeiteiro (doces e salgados), com turmas contendo 16 alunos nos per\u00edodos da tarde e noite. J\u00e1 na zona rural a Agrovila Laffayete e a comunidade do S\u00edtio Serra Branca tamb\u00e9m tiveram a oportunidade de aprender sobre o curso de Artesanato em feltro e com a oficina de auto maquiagem e orienta\u00e7\u00e3o profissional respectivamente.<\/p>\n<p>&nbsp;<\/p>\n<p>Profissionaliza\u00e7\u00e3o em Monteiro<\/p>\n<p>A Secretaria de Desenvolvimento Social j\u00e1 certificou participantes de cursos como pedreiro, cabeleireiro, unha em gel, costureiro industrial, design de sobrancelha, ceia de natal, gastronomia, entre outros.<\/p>\n<p>A previs\u00e3o para o encerramento de todas as qualifica\u00e7\u00f5es oferecidas pela Secretaria \u00e9 no m\u00eas de dezembro.<\/p>\n<p>&nbsp;<\/p>\n<p>Ascom\/Monteira<\/p>\n","protected":false},"excerpt":{"rendered":"<p>Vinte alunos da comunidade rural de Barreiros iniciaram na noite desta segunda-feira, 26, o curso de Cabeleireiro oferecido pela Prefeitura de Monteiro, atrav\u00e9s da Secretaria&hellip; <\/p>\n","protected":false},"author":1,"featured_media":74533,"comment_status":"closed","ping_status":"closed","sticky":false,"template":"","format":"standard","meta":{"sfsi_plus_gutenberg_text_before_share":"","sfsi_plus_gutenberg_show_text_before_share":"","sfsi_plus_gutenberg_icon_type":"","sfsi_plus_gutenberg_icon_alignemt":"","sfsi_plus_gutenburg_max_per_row":"","footnotes":""},"categories":[6],"tags":[],"class_list":["post-74531","post","type-post","status-publish","format-standard","has-post-thumbnail","hentry","category-cidades"],"_links":{"self":[{"href":"https:\/\/www.caririemacao.com\/1\/wp-json\/wp\/v2\/posts\/74531","targetHints":{"allow":["GET"]}}],"collection":[{"href":"https:\/\/www.caririemacao.com\/1\/wp-json\/wp\/v2\/posts"}],"about":[{"href":"https:\/\/www.caririemacao.com\/1\/wp-json\/wp\/v2\/types\/post"}],"author":[{"embeddable":true,"href":"https:\/\/www.caririemacao.com\/1\/wp-json\/wp\/v2\/users\/1"}],"replies":[{"embeddable":true,"href":"https:\/\/www.caririemacao.com\/1\/wp-json\/wp\/v2\/comments?post=74531"}],"version-history":[{"count":1,"href":"https:\/\/www.caririemacao.com\/1\/wp-json\/wp\/v2\/posts\/74531\/revisions"}],"predecessor-version":[{"id":74534,"href":"https:\/\/www.caririemacao.com\/1\/wp-json\/wp\/v2\/posts\/74531\/revisions\/74534"}],"wp:featuredmedia":[{"embeddable":true,"href":"https:\/\/www.caririemacao.com\/1\/wp-json\/wp\/v2\/media\/74533"}],"wp:attachment":[{"href":"https:\/\/www.caririemacao.com\/1\/wp-json\/wp\/v2\/media?parent=74531"}],"wp:term":[{"taxonomy":"category","embeddable":true,"href":"https:\/\/www.caririemacao.com\/1\/wp-json\/wp\/v2\/categories?post=74531"},{"taxonomy":"post_tag","embeddable":true,"href":"https:\/\/www.caririemacao.com\/1\/wp-json\/wp\/v2\/tags?post=74531"}],"curies":[{"name":"wp","href":"https:\/\/api.w.org\/{rel}","templated":true}]}}