{"id":74549,"date":"2018-11-27T17:53:47","date_gmt":"2018-11-27T20:53:47","guid":{"rendered":"http:\/\/www.caririemacao.com\/1\/?p=74549"},"modified":"2018-11-27T18:01:48","modified_gmt":"2018-11-27T21:01:48","slug":"policia-identifica-suspeito-de-assalto-a-agencia-dos-correios-de-sume","status":"publish","type":"post","link":"https:\/\/www.caririemacao.com\/1\/2018\/11\/27\/policia-identifica-suspeito-de-assalto-a-agencia-dos-correios-de-sume\/","title":{"rendered":"Pol\u00edcia identifica suspeito de assalto \u00e0 ag\u00eancia dos Correios de Sum\u00e9"},"content":{"rendered":"<p>Ap\u00f3s analisar as imagens internas das c\u00e2maras da ag\u00eancia dos Correios de Sum\u00e9, a pol\u00edcia conseguiu identificar um dos suspeitos do assalto.<\/p>\n<p>Segundo a pol\u00edcia, um dos suspeitos \u00e9 Ant\u00f4nio Fernando dos Santos, natural do Estado do Pernambuco. Em desfavor dele, j\u00e1 existe mandado de pris\u00e3o pela participa\u00e7\u00e3o ao assalto as ag\u00eancias dos Correios da Prata e de Monteiro.<\/p>\n<p>A pol\u00edcia segue nas investiga\u00e7\u00f5es para identificar o segundo assaltante, que pode ser inclusive da cidade de Sum\u00e9.<\/p>\n","protected":false},"excerpt":{"rendered":"<p>Ap\u00f3s analisar as imagens internas das c\u00e2maras da ag\u00eancia dos Correios de Sum\u00e9, a pol\u00edcia conseguiu identificar um dos suspeitos do assalto. Segundo a pol\u00edcia,&hellip; <\/p>\n","protected":false},"author":2,"featured_media":74551,"comment_status":"closed","ping_status":"closed","sticky":false,"template":"","format":"standard","meta":{"sfsi_plus_gutenberg_text_before_share":"","sfsi_plus_gutenberg_show_text_before_share":"","sfsi_plus_gutenberg_icon_type":"","sfsi_plus_gutenberg_icon_alignemt":"","sfsi_plus_gutenburg_max_per_row":"","footnotes":""},"categories":[50,2],"tags":[],"class_list":["post-74549","post","type-post","status-publish","format-standard","has-post-thumbnail","hentry","category-destaque","category-geral"],"_links":{"self":[{"href":"https:\/\/www.caririemacao.com\/1\/wp-json\/wp\/v2\/posts\/74549","targetHints":{"allow":["GET"]}}],"collection":[{"href":"https:\/\/www.caririemacao.com\/1\/wp-json\/wp\/v2\/posts"}],"about":[{"href":"https:\/\/www.caririemacao.com\/1\/wp-json\/wp\/v2\/types\/post"}],"author":[{"embeddable":true,"href":"https:\/\/www.caririemacao.com\/1\/wp-json\/wp\/v2\/users\/2"}],"replies":[{"embeddable":true,"href":"https:\/\/www.caririemacao.com\/1\/wp-json\/wp\/v2\/comments?post=74549"}],"version-history":[{"count":1,"href":"https:\/\/www.caririemacao.com\/1\/wp-json\/wp\/v2\/posts\/74549\/revisions"}],"predecessor-version":[{"id":74552,"href":"https:\/\/www.caririemacao.com\/1\/wp-json\/wp\/v2\/posts\/74549\/revisions\/74552"}],"wp:featuredmedia":[{"embeddable":true,"href":"https:\/\/www.caririemacao.com\/1\/wp-json\/wp\/v2\/media\/74551"}],"wp:attachment":[{"href":"https:\/\/www.caririemacao.com\/1\/wp-json\/wp\/v2\/media?parent=74549"}],"wp:term":[{"taxonomy":"category","embeddable":true,"href":"https:\/\/www.caririemacao.com\/1\/wp-json\/wp\/v2\/categories?post=74549"},{"taxonomy":"post_tag","embeddable":true,"href":"https:\/\/www.caririemacao.com\/1\/wp-json\/wp\/v2\/tags?post=74549"}],"curies":[{"name":"wp","href":"https:\/\/api.w.org\/{rel}","templated":true}]}}