{"id":74561,"date":"2018-11-27T20:34:30","date_gmt":"2018-11-27T23:34:30","guid":{"rendered":"http:\/\/www.caririemacao.com\/1\/?p=74561"},"modified":"2018-11-27T20:34:30","modified_gmt":"2018-11-27T23:34:30","slug":"bolsonaro-anuncia-ex-diretor-da-dnit-para-ministerio-de-infraestrutura","status":"publish","type":"post","link":"https:\/\/www.caririemacao.com\/1\/2018\/11\/27\/bolsonaro-anuncia-ex-diretor-da-dnit-para-ministerio-de-infraestrutura\/","title":{"rendered":"Bolsonaro anuncia ex-diretor da Dnit para Minist\u00e9rio de Infraestrutura"},"content":{"rendered":"<p>O presidente eleito, Jair Bolsonaro (PSL), anunciou Tarc\u00edsio Gomes de Freitas para o Minist\u00e9rio da Infraestrutura, como ser\u00e1 chamado o atual Minist\u00e9rio de Transportes, Portos e Avia\u00e7\u00e3o Civil.<\/p>\n<p>Freitas disse nesta ter\u00e7a-feira (27) que a pasta cuidar\u00e1 de todas as \u00e1reas de transportes em n\u00edvel federal.<\/p>\n<p>Em r\u00e1pida entrevista ap\u00f3s o an\u00fancio de seu nome para o minist\u00e9rio, Freitas, que \u00e9 capit\u00e3o da reserva do Ex\u00e9rcito, disse que haver\u00e1 parcerias com investimento privado em ferrovias, rodovias e aeroportos.<\/p>\n<p>Freitas se formou pelo Instituto Militar de Engenharia e atualmente \u00e9 secret\u00e1rio de Coordena\u00e7\u00e3o de Projetos do PPI (Programa de Parceria em Investimentos) na Presid\u00eancia da Rep\u00fablica.<\/p>\n<p>Antes de cuidar de projetos de privatiza\u00e7\u00f5es e concess\u00f5es no governo do presidente Michel Temer, Tarc\u00edsio, como \u00e9 conhecido, foi diretor do DNIT (Departamento Nacional de Infraestrutura de Transporte), e coordenador-geral de Auditoria da \u00c1rea de Transportes da CGU e engenheiro do Ex\u00e9rcito.<\/p>\n<p>O futuro ministro tamb\u00e9m atuou como chefe da se\u00e7\u00e3o t\u00e9cnica da Companhia de Engenharia do Brasil na Miss\u00e3o das Na\u00e7\u00f5es Unidas para a Estabiliza\u00e7\u00e3o do Haiti no mesmo per\u00edodo em que o general Augusto Heleno, hoje um dos aliados mais pr\u00f3ximos de Bolsonaro.<\/p>\n<p>O futuro ministro tamb\u00e9m atuou como chefe da se\u00e7\u00e3o t\u00e9cnica da Companhia de Engenharia do Brasil na Miss\u00e3o das Na\u00e7\u00f5es Unidas para a Estabiliza\u00e7\u00e3o do Haiti.<\/p>\n<p>&nbsp;<\/p>\n<p>FOLHAPRESS<\/p>\n","protected":false},"excerpt":{"rendered":"<p>O presidente eleito, Jair Bolsonaro (PSL), anunciou Tarc\u00edsio Gomes de Freitas para o Minist\u00e9rio da Infraestrutura, como ser\u00e1 chamado o atual Minist\u00e9rio de Transportes, Portos&hellip; <\/p>\n","protected":false},"author":1,"featured_media":74562,"comment_status":"closed","ping_status":"closed","sticky":false,"template":"","format":"standard","meta":{"sfsi_plus_gutenberg_text_before_share":"","sfsi_plus_gutenberg_show_text_before_share":"","sfsi_plus_gutenberg_icon_type":"","sfsi_plus_gutenberg_icon_alignemt":"","sfsi_plus_gutenburg_max_per_row":"","footnotes":""},"categories":[11],"tags":[],"class_list":["post-74561","post","type-post","status-publish","format-standard","has-post-thumbnail","hentry","category-politica"],"_links":{"self":[{"href":"https:\/\/www.caririemacao.com\/1\/wp-json\/wp\/v2\/posts\/74561","targetHints":{"allow":["GET"]}}],"collection":[{"href":"https:\/\/www.caririemacao.com\/1\/wp-json\/wp\/v2\/posts"}],"about":[{"href":"https:\/\/www.caririemacao.com\/1\/wp-json\/wp\/v2\/types\/post"}],"author":[{"embeddable":true,"href":"https:\/\/www.caririemacao.com\/1\/wp-json\/wp\/v2\/users\/1"}],"replies":[{"embeddable":true,"href":"https:\/\/www.caririemacao.com\/1\/wp-json\/wp\/v2\/comments?post=74561"}],"version-history":[{"count":1,"href":"https:\/\/www.caririemacao.com\/1\/wp-json\/wp\/v2\/posts\/74561\/revisions"}],"predecessor-version":[{"id":74563,"href":"https:\/\/www.caririemacao.com\/1\/wp-json\/wp\/v2\/posts\/74561\/revisions\/74563"}],"wp:featuredmedia":[{"embeddable":true,"href":"https:\/\/www.caririemacao.com\/1\/wp-json\/wp\/v2\/media\/74562"}],"wp:attachment":[{"href":"https:\/\/www.caririemacao.com\/1\/wp-json\/wp\/v2\/media?parent=74561"}],"wp:term":[{"taxonomy":"category","embeddable":true,"href":"https:\/\/www.caririemacao.com\/1\/wp-json\/wp\/v2\/categories?post=74561"},{"taxonomy":"post_tag","embeddable":true,"href":"https:\/\/www.caririemacao.com\/1\/wp-json\/wp\/v2\/tags?post=74561"}],"curies":[{"name":"wp","href":"https:\/\/api.w.org\/{rel}","templated":true}]}}