{"id":74564,"date":"2018-11-27T20:40:14","date_gmt":"2018-11-27T23:40:14","guid":{"rendered":"http:\/\/www.caririemacao.com\/1\/?p=74564"},"modified":"2018-11-27T20:40:14","modified_gmt":"2018-11-27T23:40:14","slug":"prefeitura-de-prata-realiza-recuperacao-e-ampliacao-de-barreiros-na-zona-rural","status":"publish","type":"post","link":"https:\/\/www.caririemacao.com\/1\/2018\/11\/27\/prefeitura-de-prata-realiza-recuperacao-e-ampliacao-de-barreiros-na-zona-rural\/","title":{"rendered":"Prefeitura de Prata realiza recupera\u00e7\u00e3o e amplia\u00e7\u00e3o de barreiros na zona rural"},"content":{"rendered":"<p><b>\u00a0<\/b><\/p>\n<div><b>A prefeitura de Prata, atrav\u00e9s da Secretaria de Agricultura tem feito neste per\u00edodo de estiagem o desassoreamento e limpeza de diversos \u00a0barreiros na zona rural em benef\u00edcio do pequeno agricultor. Dessa vez, a comunidade do Sitio do Melo foi contemplada, no dia 26 de Novembro.<\/b><\/div>\n<div><b>\u00a0<\/b><\/div>\n<div><b>O reservat\u00f3rio est\u00e1 ganhando mais extens\u00e3o e profundidade para acumula\u00e7\u00e3o de maior quantidade de \u00e1gua das chuvas.<\/b><\/div>\n<div><b>\u00a0<\/b><\/div>\n<div><b>Na esperan\u00e7a de um bom inverno, a prefeitura tem dado total assist\u00eancia \u00e0 zona rural realizando grandes benef\u00edcios em v\u00e1rias comunidades. Limpeza, recupera\u00e7\u00e3o e amplia\u00e7\u00e3o de a\u00e7udes e barreiros t\u00eam sido umas das prioridades.<\/b><\/div>\n<div><b>\u00a0<\/b><\/div>\n<div><b>Junior N\u00f3brega desde quando assumiu a prefeitura vem realizando diversas a\u00e7\u00f5es na zona rural do munic\u00edpio. \u201cLimpeza e recupera\u00e7\u00e3o de barreiros aqui no munic\u00edpio \u00e9 t\u00e3o importante quanto um comprimido para quem tem dor de cabe\u00e7a. Se n\u00e3o limpar n\u00e3o junta \u00e1gua quando chover. Basta de sofrimento com a seca\u201d ressaltou o prefeito.<\/b><\/div>\n<div><b>\u00a0<\/b><\/div>\n<div><b>\u201cO empenho da equipe e fundamental para alcan\u00e7ar bons resultados que seja satisfat\u00f3rio para a nossa popula\u00e7\u00e3o, n\u00e3o mediremos esfor\u00e7os para fazer sempre o melhor\u201d, disse o prefeito Junior N\u00f3brega.<\/b><\/div>\n<div><b>\u00a0<\/b><\/div>\n<div class=\"separator\"><a href=\"https:\/\/3.bp.blogspot.com\/-xNsqD_6gsp0\/W_2vy8GoMEI\/AAAAAAABRLU\/9WABqgXJmIs3TQyQeNKMfpFcu27UakNIgCLcBGAs\/s1600\/salt_20181127_174312_225%255B1%255D.jpg\"><img fetchpriority=\"high\" decoding=\"async\" src=\"https:\/\/3.bp.blogspot.com\/-xNsqD_6gsp0\/W_2vy8GoMEI\/AAAAAAABRLU\/9WABqgXJmIs3TQyQeNKMfpFcu27UakNIgCLcBGAs\/s320\/salt_20181127_174312_225%255B1%255D.jpg\" width=\"320\" height=\"320\" border=\"0\" data-original-height=\"1600\" data-original-width=\"1600\" \/><\/a><\/div>\n<p>&nbsp;<\/p>\n<div class=\"separator\"><a href=\"https:\/\/4.bp.blogspot.com\/-vS0n6I4uNIU\/W_2v0Gku6WI\/AAAAAAABRLY\/YMLoVY7p8R8i_asW07I3GTiB139ZO019wCLcBGAs\/s1600\/salt_20181127_174342_351%255B1%255D.jpg\"><img decoding=\"async\" data-src=\"https:\/\/4.bp.blogspot.com\/-vS0n6I4uNIU\/W_2v0Gku6WI\/AAAAAAABRLY\/YMLoVY7p8R8i_asW07I3GTiB139ZO019wCLcBGAs\/s320\/salt_20181127_174342_351%255B1%255D.jpg\" width=\"320\" height=\"320\" border=\"0\" data-original-height=\"1600\" data-original-width=\"1600\" src=\"data:image\/svg+xml;base64,PHN2ZyB3aWR0aD0iMSIgaGVpZ2h0PSIxIiB4bWxucz0iaHR0cDovL3d3dy53My5vcmcvMjAwMC9zdmciPjwvc3ZnPg==\" class=\"lazyload\" style=\"--smush-placeholder-width: 320px; --smush-placeholder-aspect-ratio: 320\/320;\" \/><\/a><\/div>\n<div><\/div>\n<div>Ascom\/Prata<\/div>\n","protected":false},"excerpt":{"rendered":"<p>\u00a0 A prefeitura de Prata, atrav\u00e9s da Secretaria de Agricultura tem feito neste per\u00edodo de estiagem o desassoreamento e limpeza de diversos \u00a0barreiros na zona&hellip; <\/p>\n","protected":false},"author":1,"featured_media":74566,"comment_status":"closed","ping_status":"closed","sticky":false,"template":"","format":"standard","meta":{"sfsi_plus_gutenberg_text_before_share":"","sfsi_plus_gutenberg_show_text_before_share":"","sfsi_plus_gutenberg_icon_type":"","sfsi_plus_gutenberg_icon_alignemt":"","sfsi_plus_gutenburg_max_per_row":"","footnotes":""},"categories":[6],"tags":[],"class_list":["post-74564","post","type-post","status-publish","format-standard","has-post-thumbnail","hentry","category-cidades"],"_links":{"self":[{"href":"https:\/\/www.caririemacao.com\/1\/wp-json\/wp\/v2\/posts\/74564","targetHints":{"allow":["GET"]}}],"collection":[{"href":"https:\/\/www.caririemacao.com\/1\/wp-json\/wp\/v2\/posts"}],"about":[{"href":"https:\/\/www.caririemacao.com\/1\/wp-json\/wp\/v2\/types\/post"}],"author":[{"embeddable":true,"href":"https:\/\/www.caririemacao.com\/1\/wp-json\/wp\/v2\/users\/1"}],"replies":[{"embeddable":true,"href":"https:\/\/www.caririemacao.com\/1\/wp-json\/wp\/v2\/comments?post=74564"}],"version-history":[{"count":1,"href":"https:\/\/www.caririemacao.com\/1\/wp-json\/wp\/v2\/posts\/74564\/revisions"}],"predecessor-version":[{"id":74567,"href":"https:\/\/www.caririemacao.com\/1\/wp-json\/wp\/v2\/posts\/74564\/revisions\/74567"}],"wp:featuredmedia":[{"embeddable":true,"href":"https:\/\/www.caririemacao.com\/1\/wp-json\/wp\/v2\/media\/74566"}],"wp:attachment":[{"href":"https:\/\/www.caririemacao.com\/1\/wp-json\/wp\/v2\/media?parent=74564"}],"wp:term":[{"taxonomy":"category","embeddable":true,"href":"https:\/\/www.caririemacao.com\/1\/wp-json\/wp\/v2\/categories?post=74564"},{"taxonomy":"post_tag","embeddable":true,"href":"https:\/\/www.caririemacao.com\/1\/wp-json\/wp\/v2\/tags?post=74564"}],"curies":[{"name":"wp","href":"https:\/\/api.w.org\/{rel}","templated":true}]}}