{"id":74574,"date":"2018-11-28T07:07:43","date_gmt":"2018-11-28T10:07:43","guid":{"rendered":"http:\/\/www.caririemacao.com\/1\/?p=74574"},"modified":"2018-11-28T07:07:43","modified_gmt":"2018-11-28T10:07:43","slug":"bandidos-metralham-posto-da-pm-e-arrombam-agencia-dos-correios-na-cidade-de-pilar","status":"publish","type":"post","link":"https:\/\/www.caririemacao.com\/1\/2018\/11\/28\/bandidos-metralham-posto-da-pm-e-arrombam-agencia-dos-correios-na-cidade-de-pilar\/","title":{"rendered":"Bandidos metralham posto da PM e arrombam ag\u00eancia dos Correios na cidade de Pilar"},"content":{"rendered":"<p class=\" \">Moradores a cidade Pilar tiveram uma madrugada de terror nesta quarta-feira (28). Bandidos metralham posto da PM e arrombam ag\u00eancia dos Correios na cidade de Pilar<\/p>\n<p class=\" \">Moradores a cidade Pilar tiveram uma madrugada de terror nesta quarta-feira (28). Bandidos invadiram a cidade com o objetivo de arrombar a ag\u00eancia dos Correios e Tel\u00e9grafos.<\/p>\n<p class=\" \">De acordo com a pol\u00edcia, o bando, formado por quatro pessoas, estavam e uma camioneta branca. Depois de arrombarem a ag\u00eancia dos Correios ele foram embora e na fuga metralharam o pr\u00e9dio onde fica o posto policial.<\/p>\n<p class=\" \">No momento da a\u00e7\u00e3o n\u00e3o existia nenhum policial na cidade porque eles tinham faze rondas na cidade de Juripiranga.<\/p>\n<p class=\" \">Ainda n\u00e3o se os bandidos conseguiram levar alguma coisa da Ag\u00eancia dos Correios e Tel\u00e9grafos.ndidos invadiram a cidade com o objetivo de arrombar a ag\u00eancia dos Correios e Tel\u00e9grafos.<\/p>\n<p class=\" \">De acordo com a pol\u00edcia, o bando, formado por quatro pessoas, estavam e uma camioneta branca. Depois de arrombarem a ag\u00eancia dos Correios ele foram embora e na fuga metralharam o pr\u00e9dio onde fica o posto policial.<\/p>\n<p class=\" \">No momento da a\u00e7\u00e3o n\u00e3o existia nenhum policial na cidade porque eles tinham faze rondas na cidade de Juripiranga.<\/p>\n<p class=\" \">Ainda n\u00e3o se os bandidos conseguiram levar alguma coisa da Ag\u00eancia dos Correios e Tel\u00e9grafos.<\/p>\n<p>Para\u00edba.com.br<\/p>\n","protected":false},"excerpt":{"rendered":"<p>Moradores a cidade Pilar tiveram uma madrugada de terror nesta quarta-feira (28). Bandidos metralham posto da PM e arrombam ag\u00eancia dos Correios na cidade de&hellip; <\/p>\n","protected":false},"author":1,"featured_media":37820,"comment_status":"closed","ping_status":"closed","sticky":false,"template":"","format":"standard","meta":{"sfsi_plus_gutenberg_text_before_share":"","sfsi_plus_gutenberg_show_text_before_share":"","sfsi_plus_gutenberg_icon_type":"","sfsi_plus_gutenberg_icon_alignemt":"","sfsi_plus_gutenburg_max_per_row":"","footnotes":""},"categories":[12],"tags":[],"class_list":["post-74574","post","type-post","status-publish","format-standard","has-post-thumbnail","hentry","category-policia"],"_links":{"self":[{"href":"https:\/\/www.caririemacao.com\/1\/wp-json\/wp\/v2\/posts\/74574","targetHints":{"allow":["GET"]}}],"collection":[{"href":"https:\/\/www.caririemacao.com\/1\/wp-json\/wp\/v2\/posts"}],"about":[{"href":"https:\/\/www.caririemacao.com\/1\/wp-json\/wp\/v2\/types\/post"}],"author":[{"embeddable":true,"href":"https:\/\/www.caririemacao.com\/1\/wp-json\/wp\/v2\/users\/1"}],"replies":[{"embeddable":true,"href":"https:\/\/www.caririemacao.com\/1\/wp-json\/wp\/v2\/comments?post=74574"}],"version-history":[{"count":1,"href":"https:\/\/www.caririemacao.com\/1\/wp-json\/wp\/v2\/posts\/74574\/revisions"}],"predecessor-version":[{"id":74575,"href":"https:\/\/www.caririemacao.com\/1\/wp-json\/wp\/v2\/posts\/74574\/revisions\/74575"}],"wp:featuredmedia":[{"embeddable":true,"href":"https:\/\/www.caririemacao.com\/1\/wp-json\/wp\/v2\/media\/37820"}],"wp:attachment":[{"href":"https:\/\/www.caririemacao.com\/1\/wp-json\/wp\/v2\/media?parent=74574"}],"wp:term":[{"taxonomy":"category","embeddable":true,"href":"https:\/\/www.caririemacao.com\/1\/wp-json\/wp\/v2\/categories?post=74574"},{"taxonomy":"post_tag","embeddable":true,"href":"https:\/\/www.caririemacao.com\/1\/wp-json\/wp\/v2\/tags?post=74574"}],"curies":[{"name":"wp","href":"https:\/\/api.w.org\/{rel}","templated":true}]}}