{"id":74592,"date":"2018-11-28T13:29:13","date_gmt":"2018-11-28T16:29:13","guid":{"rendered":"http:\/\/www.caririemacao.com\/1\/?p=74592"},"modified":"2018-11-28T13:29:13","modified_gmt":"2018-11-28T16:29:13","slug":"tce-aprova-contas-de-2017-da-prefeitura-de-monteiro-por-unanimidade","status":"publish","type":"post","link":"https:\/\/www.caririemacao.com\/1\/2018\/11\/28\/tce-aprova-contas-de-2017-da-prefeitura-de-monteiro-por-unanimidade\/","title":{"rendered":"TCE aprova contas de 2017 da Prefeitura de Monteiro por unanimidade"},"content":{"rendered":"<p>O Tribunal de Contas do Estado da Para\u00edba (TCE-PB) aprovou, por unanimidade, na sess\u00e3o desta quarta-feira (28) as contas da prefeitura de Monteiro, ano de 2017, sob relatoria do Conselheiro Fernando Cat\u00e3o. Os conselheiros destacaram a correta aplica\u00e7\u00e3o dos recursos p\u00fablicos e o cumprimento integral dos \u00edndices estabelecidos para sa\u00fade, educa\u00e7\u00e3o e gastos com pessoal.<\/p>\n<p>A Corte de Contas julgou as presta\u00e7\u00f5es de contas tecendo elogios a gest\u00e3o municipais que v\u00eam se comprometendo a cumprir as determina\u00e7\u00f5es da Corte de Contas.<\/p>\n<p>A prefeita de Monteiro Anna Lorena avaliou o resultado como altamente positivo: \u201cA nossa Gest\u00e3o, j\u00e1 em nosso primeiro ano de mandato, est\u00e1 voltada para o cumprimento fiel da legisla\u00e7\u00e3o, e a correta aplica\u00e7\u00e3o dos recursos p\u00fablicos. Nosso munic\u00edpio vive um novo momento, a popula\u00e7\u00e3o est\u00e1 sendo beneficiada pela correta aplica\u00e7\u00e3o dos recursos p\u00fablicos e mesmo diante de t\u00e3o grave crise financeira, conseguimos superar todos os \u00edndices constitucionais, em especial na sa\u00fade p\u00fablica e a popula\u00e7\u00e3o \u00e9 quem sai beneficiada\u201d.<\/p>\n<p>O advogado Marco Villar, respons\u00e1vel pelo acompanhamento da gest\u00e3o e defesa junto ao Tribunal de Contas do Estado, destacou o trabalho realizado pela equipe municipal sempre pautados pelo respeito ao recurso p\u00fablico e ao cumprimento das orienta\u00e7\u00f5es do TCE-PB.<\/p>\n<p>\u201cHoje, mais uma vez, tivemos a demonstra\u00e7\u00e3o de que os gestores comprometidos com a efici\u00eancia dos gastos p\u00fablicos e o zelo na aplica\u00e7\u00e3o dos recursos chegam ao momento de aprecia\u00e7\u00e3o de suas Contas com maior tranquilidade, e agora com a certeza de que est\u00e3o no caminho certo\u201d.<\/p>\n<p><strong>Investimentos<\/strong><\/p>\n<p>A Prefeitura Municipal de Monteiro na gest\u00e3o da atual prefeita, Anna Lorena de Farias Leite N\u00f3brega, tem se destacado em todos os \u00e2mbitos.<\/p>\n<p>Na regi\u00e3o, estado e pa\u00eds, os investimentos em educa\u00e7\u00e3o, sa\u00fade e \u00e1rea social do munic\u00edpio t\u00eam recebido grandes elogios e proporcionado men\u00e7\u00f5es e convites, a exemplo da viagem da prefeita \u00e0 Alemanha, al\u00e9m de visitas de gestores de v\u00e1rios estados para receber informa\u00e7\u00f5es e modelos de a\u00e7\u00f5es inovadoras implantadas em Monteiro.<\/p>\n<p>Desde janeiro de 2017 o plano de trabalho da atual gest\u00e3o t\u00eam sido focada na melhoria do mundo refletindo assim em bem-estar para a popula\u00e7\u00e3o, elevando ainda mais a auto estima dos mun\u00edcipes e projetando Monteiro aos mais altos n\u00edveis de padr\u00f5es administrativos e desenvolvimento econ\u00f4mico.<\/p>\n<p>&nbsp;<\/p>\n<p>Ascom\/Monteiro<\/p>\n","protected":false},"excerpt":{"rendered":"<p>O Tribunal de Contas do Estado da Para\u00edba (TCE-PB) aprovou, por unanimidade, na sess\u00e3o desta quarta-feira (28) as contas da prefeitura de Monteiro, ano de&hellip; <\/p>\n","protected":false},"author":1,"featured_media":55550,"comment_status":"closed","ping_status":"closed","sticky":false,"template":"","format":"standard","meta":{"sfsi_plus_gutenberg_text_before_share":"","sfsi_plus_gutenberg_show_text_before_share":"","sfsi_plus_gutenberg_icon_type":"","sfsi_plus_gutenberg_icon_alignemt":"","sfsi_plus_gutenburg_max_per_row":"","footnotes":""},"categories":[6],"tags":[],"class_list":["post-74592","post","type-post","status-publish","format-standard","has-post-thumbnail","hentry","category-cidades"],"_links":{"self":[{"href":"https:\/\/www.caririemacao.com\/1\/wp-json\/wp\/v2\/posts\/74592","targetHints":{"allow":["GET"]}}],"collection":[{"href":"https:\/\/www.caririemacao.com\/1\/wp-json\/wp\/v2\/posts"}],"about":[{"href":"https:\/\/www.caririemacao.com\/1\/wp-json\/wp\/v2\/types\/post"}],"author":[{"embeddable":true,"href":"https:\/\/www.caririemacao.com\/1\/wp-json\/wp\/v2\/users\/1"}],"replies":[{"embeddable":true,"href":"https:\/\/www.caririemacao.com\/1\/wp-json\/wp\/v2\/comments?post=74592"}],"version-history":[{"count":1,"href":"https:\/\/www.caririemacao.com\/1\/wp-json\/wp\/v2\/posts\/74592\/revisions"}],"predecessor-version":[{"id":74593,"href":"https:\/\/www.caririemacao.com\/1\/wp-json\/wp\/v2\/posts\/74592\/revisions\/74593"}],"wp:featuredmedia":[{"embeddable":true,"href":"https:\/\/www.caririemacao.com\/1\/wp-json\/wp\/v2\/media\/55550"}],"wp:attachment":[{"href":"https:\/\/www.caririemacao.com\/1\/wp-json\/wp\/v2\/media?parent=74592"}],"wp:term":[{"taxonomy":"category","embeddable":true,"href":"https:\/\/www.caririemacao.com\/1\/wp-json\/wp\/v2\/categories?post=74592"},{"taxonomy":"post_tag","embeddable":true,"href":"https:\/\/www.caririemacao.com\/1\/wp-json\/wp\/v2\/tags?post=74592"}],"curies":[{"name":"wp","href":"https:\/\/api.w.org\/{rel}","templated":true}]}}