{"id":74606,"date":"2018-11-28T13:48:17","date_gmt":"2018-11-28T16:48:17","guid":{"rendered":"http:\/\/www.caririemacao.com\/1\/?p=74606"},"modified":"2018-11-28T13:48:17","modified_gmt":"2018-11-28T16:48:17","slug":"na-espanha-ricardo-firma-parceria-com-universidade-de-salamanca-para-expansao-do-gira-mundo-e-do-prima","status":"publish","type":"post","link":"https:\/\/www.caririemacao.com\/1\/2018\/11\/28\/na-espanha-ricardo-firma-parceria-com-universidade-de-salamanca-para-expansao-do-gira-mundo-e-do-prima\/","title":{"rendered":"Na Espanha, Ricardo firma parceria com Universidade de Salamanca para expans\u00e3o do Gira Mundo e do Prima"},"content":{"rendered":"<p>O governador Ricardo Coutinho assinou nesta segunda-feira (26), na Espanha, conv\u00eanio com a Universidade de Salamanca, a quarta mais antiga institui\u00e7\u00e3o de ensino superior da Europa, para desenvolvimento de parcerias entre o governo da Para\u00edba e a universidade espanhola. O pacto garantir\u00e1 a amplia\u00e7\u00e3o dos programas Gira Mundo e Prima (Projeto de Inclus\u00e3o Atrav\u00e9s da M\u00fasica e da Arte), al\u00e9m de projetos nas \u00e1reas de pesquisa e interc\u00e2mbio profissional e cultural. O governador eleito da Para\u00edba, Jo\u00e3o Azevedo, tamb\u00e9m esteve presente ao ato.<\/p>\n<p>A parceria foi firmada durante reuni\u00e3o com o Magn\u00edfico Reitor da USAL, Ricardo Rivero Ortega, e o diretor do Centro de Estudos Brasileiros na Universidade de Salamanca, Ignacio Berdugo G\u00f3mez de la Torre. O governador Ricardo Coutinho reassume o Governo do Estado nesta quinta-feira (29).<\/p>\n<p>Ricardo Ortega recepcionou os governadores da Para\u00edba em encontro oficial na sede da institui\u00e7\u00e3o, em Salamanca. Ele elogiou a iniciativa dos programas desenvolvidos na Para\u00edba. \u201cCuidamos das pessoas e valorizamos os gestores p\u00fablicos que t\u00eam pol\u00edticas p\u00fablicas neste sentido\u201d, afirmou o reitor. O Gira Mundo leva estudantes da rede p\u00fablica estadual para interc\u00e2mbio no exterior e o Prima oferece aulas de instrumentos de m\u00fasica cl\u00e1ssica.<\/p>\n<p>Ricardo Ortega destacou ainda que a preserva\u00e7\u00e3o dos direitos humanos \u00e9 um princ\u00edpio b\u00e1sico da Universidade de Salamanca. Para ele, os gestores p\u00fablicos que n\u00e3o desenvolvem programas de inclus\u00e3o social e acesso \u00e0 educa\u00e7\u00e3o est\u00e3o \u201ccondenados ao fracasso\u201d.<\/p>\n<p>Na ocasi\u00e3o, o governador Ricardo Coutinho discorreu sobre o processo de transforma\u00e7\u00e3o educacional que vem desfrutando a Para\u00edba nos \u00faltimos oito anos. E destacou a import\u00e2ncia de um programa como o Gira Mundo, que j\u00e1 levou mais de 350 estudantes da rede p\u00fablica estadual, al\u00e9m de 170 professores e gestores da educa\u00e7\u00e3o, para interc\u00e2mbio no Canad\u00e1, Espanha, Portugal, Finl\u00e2ndia, Argentina e Israel. \u201cMuito al\u00e9m dos investimentos que fizemos na constru\u00e7\u00e3o e reforma das nossas escolas, na valoriza\u00e7\u00e3o salarial dos professores, na implanta\u00e7\u00e3o de 100 escolas em tempo integral, entre outras interven\u00e7\u00f5es, o Gira Mundo mexeu com a rede. Porque apresentamos oportunidades pelas quais nossos jovens, por m\u00e9ritos pr\u00f3prios, possam querer progredir\u201d, disse.<\/p>\n<p>Durante a reuni\u00e3o foi exibido um v\u00eddeo produzido pela Secretaria de Comunica\u00e7\u00e3o Institucional sobre as experi\u00eancias j\u00e1 vivenciadas no Gira Mundo e no Prima.<\/p>\n<p>O reitor Ricardo Ortega presenteou o governador Ricardo Coutinho e o governador eleito, Jo\u00e3o Azevedo, com um livro sobre a hist\u00f3rica biblioteca da Universidade de Salamanca, que tem em seu acervo os primeiros livros impressos no mundo. O governador da Para\u00edba retribuiu o gesto deixando uma agenda confeccionada pelo Jornal A Uni\u00e3o para o ano de 2019, na qual se destacam poetas paraibanos, bem como uma edi\u00e7\u00e3o do livro sobre os oitos anos do Or\u00e7amento Democr\u00e1tico na Para\u00edba.<\/p>\n<p>Estavam presentes ainda \u00e0 assinatura do conv\u00eanio os secret\u00e1rios de Estado da Comunica\u00e7\u00e3o, Lu\u00eds T\u00f4rres, e das Finan\u00e7as, Amanda Rodrigues, que integraram a comitiva do governador Ricardo Coutinho durante cumprimento da agenda institucional em Salamanca. Al\u00e9m das professoras da Universidade Federal da Para\u00edba, Marinalva Conserva, e Ant\u00f4nia Picornell, e coordenadores do programa Gira Mundo, a exemplo de T\u00falio Serrando, da Secretaria Estadual da Educa\u00e7\u00e3o; e o consultor Sinoel Batista.<\/p>\n<p>Universidade de Salamanca\u00a0\u2013\u00a0 A Universidade de Salamanca \u00e9 a quarta universidade mais antiga da Europa. Foi fundada em 1218 pelo Rei Alfonso IX de Le\u00f3n e por ela j\u00e1 passaram centenas de personagens ilustres da literatura, da pol\u00edtica, do direito e da hist\u00f3ria mundial, entre elas Hernan Cortez, conquistador do M\u00e9xico. Atualmente, a Universidade de Salamanca continua a manter a sua grande capacidade de atra\u00e7\u00e3o e tem uma popula\u00e7\u00e3o estudantil est\u00e1vel de cerca de 30.000 alunos, de todas as partes do mundo para cursos de licenciatura, bacharelado e p\u00f3s-gradua\u00e7\u00e3o. Em Salamanca, \u00e9 formada por um conjunto de pr\u00e9dios que formam complexo hist\u00f3rico e tur\u00edstico da cidade, atraindo turistas e visitantes de todo o mundo. Mas conta ainda com outros oito campi distribu\u00eddos entre \u00c1vila, Zamora, B\u00e9jar e Villamayor, entre os quais, incluindo o campus de Salamanca, s\u00e3o distribu\u00eddas as 26 faculdades e faculdades e os 12 centros de pesquisa que abrangem aspectos t\u00e3o variados como as bioci\u00eancias ou o laser, passando por empreendimentos agroalimentares , neuroci\u00eancias, estudos de hist\u00f3ria ou pesquisa b\u00e1sica, entre outros.<\/p>\n<p>Visita a Biblioteca da USal\u00a0\u2013 Ap\u00f3s a assinatura do conv\u00eanio na sala do reitor da Usal, os governadores Ricardo Coutinho e Jo\u00e3o Azevedo, junto com a comitiva, foram visitar a antiga biblioteca da institui\u00e7\u00e3o, a Biblioteca Geral Hist\u00f3rica. Ela possui 2.774 manuscritos, 483 \u201cincun\u00e1bulos\u201d (obras impressas antes do s\u00e9culo XVI) e cerca de 62.000 volumes impressos entre os s\u00e9culos XVI e XVIII. Os governadores tiveram acesso \u00e0 sala que guarda as mais antigas obras impressas do mundo. Um espa\u00e7o que s\u00f3 \u00e9 aberto \u00e0 visita\u00e7\u00e3o para autoridades p\u00fablicas reconhecidas pela institui\u00e7\u00e3o. \u201cFoi um privil\u00e9gio para n\u00f3s recebermos essa distin\u00e7\u00e3o e podermos ver com nossos pr\u00f3prios olhos as primeiras obras impressas do mundo\u201d, destacou o governador eleito Jo\u00e3o Azevedo. Entre os livros, obras do s\u00e9culo de XVI exibindo desenhos de mapas onde j\u00e1 se registrava a exist\u00eancia oficial da Para\u00edba.<\/p>\n<p>Visita a prefeito de Salamanca\u00a0\u2013 Cumprindo a agenda institucional em Salamanca, o governador Ricardo Coutinho e o governador eleito, Jo\u00e3o Azevedo, junto com a comitiva da Para\u00edba, fizeram uma visita oficial ao prefeito da cidade espanhola, Alfonso Fernandez Ma\u00f1ueco, na manh\u00e3 da ter\u00e7a-feira (27). O prefeito recepcionou a delega\u00e7\u00e3o na sala principal da sede da prefeitura de Salamanca, que fica na Plaza Mayor, pra\u00e7a principal, e falou sobre a hist\u00f3ria e desafios da cidade, declarada Patrim\u00f4nio da Humanidade pela Unesco h\u00e1 30 anos e um destino preferencial no ensino de espanhol. Ele comentou ainda sobre o sistema pol\u00edtico e o modelo de gest\u00e3o municipal na Espanha.<\/p>\n<p>O governador Ricardo Coutinho entregou um exemplar do livro do Or\u00e7amento Democr\u00e1tico na Para\u00edba e destacou que ouvir a popula\u00e7\u00e3o representava a melhor forma de se governar. O prefeito se colocou \u00e0 disposi\u00e7\u00e3o para contribuir com o processo de interc\u00e2mbio entre a Para\u00edba e Salamanca.<\/p>\n<p>Palestra sobre potencialidades da Para\u00edba para empres\u00e1rios espanh\u00f3is<\/p>\n<p>Durante passagem por Salamanca, na Espanha, onde assinou protocolo de entendimentos com a Universidade, o governador Ricardo Coutinho esteve, nesta ter\u00e7a-feira (27), na C\u00e2mara de Com\u00e9rcio da cidade para encontro com empres\u00e1rios espanh\u00f3is dos mais diversos segmentos. O governador eleito Jo\u00e3o Azevedo fez uma palestra sobre as potencialidades da Para\u00edba, destacando a infraestrutura log\u00edstica, a localiza\u00e7\u00e3o geogr\u00e1fica privilegiada e os avan\u00e7os obtidos pelo estado nos \u00faltimos oito anos.<\/p>\n<p>\u201cDotamos a Para\u00edba nestes \u00faltimos anos dos mais variados investimentos, incluindo estradas, abastecimento de \u00e1gua, fontes de energia e tecnologia, equipamentos tur\u00edsticos, al\u00e9m de legisla\u00e7\u00e3o, capazes de transformar nosso estado um dos mais atrativos estados brasileiros para investimento na atualidade\u201d, resumiu.<\/p>\n<p>Na presen\u00e7a do governador Ricardo Coutinho, o governador eleito da Para\u00edba destacou o crescimento do PIB do Estado, o maior do Nordeste, bem como os \u00edndices de desenvolvimento econ\u00f4mico alcan\u00e7ados recentemente.<\/p>\n<p>Ele falou do programa Caminhos da Para\u00edba, respons\u00e1vel pela implanta\u00e7\u00e3o de 2.700 quil\u00f4metros de novas estradas e apresentou o projeto do P\u00f3lo Tur\u00edstico do Cabo Branco, e o Centro de Conven\u00e7\u00f5es de Jo\u00e3o Pessoa, que tem capacidade para reunir simultaneamente 20 mil pessoas durante um evento.<\/p>\n<p>Mostrou ainda obras como a Transpara\u00edba, adutora que levar\u00e1 \u00e1gua para o Curimata\u00fa, e o Canal Acau\u00e3-Ara\u00e7agi, no brejo paraibano. \u201cA Para\u00edba ser\u00e1 em quatro anos o estado do Nordeste com melhor distribui\u00e7\u00e3o de \u00e1gua\u201d, garantiu durante a palestra.<\/p>\n<p>Empres\u00e1rios elogiaram a presen\u00e7a dos governadores e sinalizaram a possibilidade de visitar a Para\u00edba para discutir a viabilidade de seus projetos.<\/p>\n<p>O presidente da C\u00e2mara de Com\u00e9rcio de Salamanca, Benjam\u00edn Crespo, agradeceu aos governadores por sua presen\u00e7a. \u201cSinto-me satisfeito por este tipo de reuni\u00f5es gerar relacionamentos frut\u00edferos. Vamos continuar nessa linha de a\u00e7\u00e3o: promover o com\u00e9rcio exterior \u00e9 uma das minhas prioridades \u201c, acrescentou Benjam\u00edn Crespo.<\/p>\n<p>&nbsp;<\/p>\n<p>Secom\/PB<\/p>\n","protected":false},"excerpt":{"rendered":"<p>O governador Ricardo Coutinho assinou nesta segunda-feira (26), na Espanha, conv\u00eanio com a Universidade de Salamanca, a quarta mais antiga institui\u00e7\u00e3o de ensino superior da&hellip; <\/p>\n","protected":false},"author":1,"featured_media":73733,"comment_status":"closed","ping_status":"closed","sticky":false,"template":"","format":"standard","meta":{"sfsi_plus_gutenberg_text_before_share":"","sfsi_plus_gutenberg_show_text_before_share":"","sfsi_plus_gutenberg_icon_type":"","sfsi_plus_gutenberg_icon_alignemt":"","sfsi_plus_gutenburg_max_per_row":"","footnotes":""},"categories":[11],"tags":[],"class_list":["post-74606","post","type-post","status-publish","format-standard","has-post-thumbnail","hentry","category-politica"],"_links":{"self":[{"href":"https:\/\/www.caririemacao.com\/1\/wp-json\/wp\/v2\/posts\/74606","targetHints":{"allow":["GET"]}}],"collection":[{"href":"https:\/\/www.caririemacao.com\/1\/wp-json\/wp\/v2\/posts"}],"about":[{"href":"https:\/\/www.caririemacao.com\/1\/wp-json\/wp\/v2\/types\/post"}],"author":[{"embeddable":true,"href":"https:\/\/www.caririemacao.com\/1\/wp-json\/wp\/v2\/users\/1"}],"replies":[{"embeddable":true,"href":"https:\/\/www.caririemacao.com\/1\/wp-json\/wp\/v2\/comments?post=74606"}],"version-history":[{"count":1,"href":"https:\/\/www.caririemacao.com\/1\/wp-json\/wp\/v2\/posts\/74606\/revisions"}],"predecessor-version":[{"id":74607,"href":"https:\/\/www.caririemacao.com\/1\/wp-json\/wp\/v2\/posts\/74606\/revisions\/74607"}],"wp:featuredmedia":[{"embeddable":true,"href":"https:\/\/www.caririemacao.com\/1\/wp-json\/wp\/v2\/media\/73733"}],"wp:attachment":[{"href":"https:\/\/www.caririemacao.com\/1\/wp-json\/wp\/v2\/media?parent=74606"}],"wp:term":[{"taxonomy":"category","embeddable":true,"href":"https:\/\/www.caririemacao.com\/1\/wp-json\/wp\/v2\/categories?post=74606"},{"taxonomy":"post_tag","embeddable":true,"href":"https:\/\/www.caririemacao.com\/1\/wp-json\/wp\/v2\/tags?post=74606"}],"curies":[{"name":"wp","href":"https:\/\/api.w.org\/{rel}","templated":true}]}}