{"id":74608,"date":"2018-11-28T13:51:41","date_gmt":"2018-11-28T16:51:41","guid":{"rendered":"http:\/\/www.caririemacao.com\/1\/?p=74608"},"modified":"2018-11-28T13:51:41","modified_gmt":"2018-11-28T16:51:41","slug":"veneziano-anuncia-audiencia-com-ministro-da-integracao-para-debater-restabelecimento-da-vazao-da-transposicao-na-paraiba","status":"publish","type":"post","link":"https:\/\/www.caririemacao.com\/1\/2018\/11\/28\/veneziano-anuncia-audiencia-com-ministro-da-integracao-para-debater-restabelecimento-da-vazao-da-transposicao-na-paraiba\/","title":{"rendered":"Veneziano anuncia audi\u00eancia com Ministro da Integra\u00e7\u00e3o para debater restabelecimento da vaz\u00e3o da Transposi\u00e7\u00e3o na Para\u00edba"},"content":{"rendered":"<p>As raz\u00f5es da baixa vaz\u00e3o e atual suspens\u00e3o do bombeamento das \u00e1guas da Transposi\u00e7\u00e3o do Rio S\u00e3o Francisco para o Eixo Leste da obra, na Para\u00edba, ser\u00e3o tema de audi\u00eancia solicitada pelo Deputado Federal e Senador Eleito Veneziano Vital do R\u00eago (PSB) junto ao Ministro da Integra\u00e7\u00e3o Nacional (MIN) P\u00e1dua Andrade, a partir das 16h desta quarta-feira (28) em Bras\u00edlia.<\/p>\n<p>Veneziano revelou que, em em contato com o presidente da Ag\u00eancia Executiva de Gest\u00e3o das \u00c1guas do Estado da Para\u00edba (Aesa), Jo\u00e3o Fernandes, o mesmo explanou sobre os efeitos dessa suspens\u00e3o, que prejudicou o volume da \u00e1gua que chegava ao a\u00e7ude de Camala\u00fa, e, consequentemente, que ia para o a\u00e7ude de Epit\u00e1cio Pessoa (Boqueir\u00e3o), abastecendo diversas cidades polarizadas por Campina Grande.<\/p>\n<p>Veneziano destacou que cobrar\u00e1 do ministro imediatas solu\u00e7\u00f5es para o retorno da vaz\u00e3o, por entender que n\u00e3o \u00e9 a formaliza\u00e7\u00e3o da fase comercial da transposi\u00e7\u00e3o, junto ao Governo da Para\u00edba, um motivo para manter esse contratempo. \u201cA manuten\u00e7\u00e3o dessa vaz\u00e3o \u00e9 algo de interesse de todos os paraibanos\u201d, disse O parlamentar, destacando que tal atitude vem causando a milhares de paraibanos a diminui\u00e7\u00e3o dos volumes de v\u00e1rios mananciais na Para\u00edba.<\/p>\n<p>Ele lembrou que, no Cariri, por exemplo, o a\u00e7ude da cidade de Sum\u00e9 \u00e9 que vem abastecendo os 14 munic\u00edpios da regi\u00e3o, dependendo, apenas, da \u00e1gua das chuvas, e que o manancial tem pouco mais 2 milh\u00f5es de metros c\u00fabicos da capacidade.<\/p>\n<p>Em recente entrevista, Jo\u00e3o Fernandes salientou que o governo federal est\u00e1, de certa forma, pressionando o Governo do Estado para j\u00e1 iniciar a fase comercial da transposi\u00e7\u00e3o, e que, na Para\u00edba, esta cobran\u00e7a dever\u00e1 ser em torno de R$ 140 milh\u00f5es. Ele frisou tamb\u00e9m que o Minist\u00e9rio deveria ter instalado um sistema de energia solar na obra, porque 90% do pre\u00e7o da transposi\u00e7\u00e3o vai para pagar a energia que \u00e9 gasta.<\/p>\n<p>\u201cO sistema ainda est\u00e1 em fase de teste e n\u00e3o custava nada continuarem os testes at\u00e9 o dia 31 de dezembro, continuando a alimentar o Rio Para\u00edba e Po\u00e7\u00f5es (em Monteiro), para mantermos a pereniza\u00e7\u00e3o do Rio Para\u00edba. Temos um equipamento caro para medir a chegada de \u00e1gua e n\u00f3s tiramos porque parou o bombeamento. O ministro disse que ia manter a vaz\u00e3o, mas infelizmente n\u00e3o o fez. O que na verdade o que o governo federal quer \u00e9 contratar essa opera\u00e7\u00e3o, e o pre\u00e7o que eles v\u00e3o cobrar pelo servi\u00e7o n\u00f3s estamos lutando para reduzir. Eu fiz um relat\u00f3rio com todos os dados do que chegava em Monteiro, em Boqueir\u00e3o, e passei para um dos senadores da Para\u00edba e um deputado federal, pedindo para eles, para ningu\u00e9m estar dizendo que eu estou pressionando. Quando eu coloco a situa\u00e7\u00e3o nas r\u00e1dios da Para\u00edba, n\u00e3o tem deputado e senador que n\u00e3o tome conhecimento dos alertas que estamos fazendo. Ent\u00e3o nenhum deles pode se fazer de doido e alegar que desconhece o problema\u201d, disse Jo\u00e3o.<\/p>\n<p>&nbsp;<\/p>\n<p>Assess\u00f3ria<\/p>\n","protected":false},"excerpt":{"rendered":"<p>As raz\u00f5es da baixa vaz\u00e3o e atual suspens\u00e3o do bombeamento das \u00e1guas da Transposi\u00e7\u00e3o do Rio S\u00e3o Francisco para o Eixo Leste da obra, na&hellip; <\/p>\n","protected":false},"author":1,"featured_media":69970,"comment_status":"closed","ping_status":"closed","sticky":false,"template":"","format":"standard","meta":{"sfsi_plus_gutenberg_text_before_share":"","sfsi_plus_gutenberg_show_text_before_share":"","sfsi_plus_gutenberg_icon_type":"","sfsi_plus_gutenberg_icon_alignemt":"","sfsi_plus_gutenburg_max_per_row":"","footnotes":""},"categories":[11],"tags":[],"class_list":["post-74608","post","type-post","status-publish","format-standard","has-post-thumbnail","hentry","category-politica"],"_links":{"self":[{"href":"https:\/\/www.caririemacao.com\/1\/wp-json\/wp\/v2\/posts\/74608","targetHints":{"allow":["GET"]}}],"collection":[{"href":"https:\/\/www.caririemacao.com\/1\/wp-json\/wp\/v2\/posts"}],"about":[{"href":"https:\/\/www.caririemacao.com\/1\/wp-json\/wp\/v2\/types\/post"}],"author":[{"embeddable":true,"href":"https:\/\/www.caririemacao.com\/1\/wp-json\/wp\/v2\/users\/1"}],"replies":[{"embeddable":true,"href":"https:\/\/www.caririemacao.com\/1\/wp-json\/wp\/v2\/comments?post=74608"}],"version-history":[{"count":1,"href":"https:\/\/www.caririemacao.com\/1\/wp-json\/wp\/v2\/posts\/74608\/revisions"}],"predecessor-version":[{"id":74609,"href":"https:\/\/www.caririemacao.com\/1\/wp-json\/wp\/v2\/posts\/74608\/revisions\/74609"}],"wp:featuredmedia":[{"embeddable":true,"href":"https:\/\/www.caririemacao.com\/1\/wp-json\/wp\/v2\/media\/69970"}],"wp:attachment":[{"href":"https:\/\/www.caririemacao.com\/1\/wp-json\/wp\/v2\/media?parent=74608"}],"wp:term":[{"taxonomy":"category","embeddable":true,"href":"https:\/\/www.caririemacao.com\/1\/wp-json\/wp\/v2\/categories?post=74608"},{"taxonomy":"post_tag","embeddable":true,"href":"https:\/\/www.caririemacao.com\/1\/wp-json\/wp\/v2\/tags?post=74608"}],"curies":[{"name":"wp","href":"https:\/\/api.w.org\/{rel}","templated":true}]}}