{"id":74611,"date":"2018-11-28T14:01:50","date_gmt":"2018-11-28T17:01:50","guid":{"rendered":"http:\/\/www.caririemacao.com\/1\/?p=74611"},"modified":"2018-11-28T14:01:50","modified_gmt":"2018-11-28T17:01:50","slug":"eden-formaliza-pedido-na-ufcg-para-abertura-de-mestrado-em-educacao-no-cdsa","status":"publish","type":"post","link":"https:\/\/www.caririemacao.com\/1\/2018\/11\/28\/eden-formaliza-pedido-na-ufcg-para-abertura-de-mestrado-em-educacao-no-cdsa\/","title":{"rendered":"\u00c9den formaliza pedido na UFCG para abertura de mestrado em Educa\u00e7\u00e3o no CDSA"},"content":{"rendered":"<p>O prefeito de Sum\u00e9, \u00c9den Duarte, requereu junto \u00e0 Universidade Federal de Campina Grande (UFCG), a oferta de mestrado profissional pelo Centro de Desenvolvimento Sustent\u00e1vel do Semi\u00e1rido (CDSA), na \u00e1rea de Educa\u00e7\u00e3o.<\/p>\n<p>O pedido foi formalmente entregue ao reitor da UFCG, Vicem\u00e1rio Sim\u00f5es, na \u00faltima quinta-feira (22), durante reuni\u00e3o no Campus, onde \u00c9den foi representado pelo chefe de gabinete, Jeandro Rafael de Amorim.<\/p>\n<p>A quest\u00e3o foi levantada inicialmente em reuni\u00e3o ordin\u00e1ria da Associa\u00e7\u00e3o dos Munic\u00edpios do Cariri Paraibano (Amcap) e todos os prefeitos presentes mantiveram entendimento sobre a necessidade da abertura do mestrado no CDSA.<\/p>\n<p>De acordo com \u00c9den, a solicita\u00e7\u00e3o decorre do grande n\u00famero de profissionais em Educa\u00e7\u00e3o com n\u00edvel de gradua\u00e7\u00e3o e especializa\u00e7\u00e3o existente na regi\u00e3o do Cariri paraibano.<\/p>\n<p>\u201cA implementa\u00e7\u00e3o de pol\u00edticas p\u00fablicas de forma\u00e7\u00e3o inicial e continuada \u00e9 fundamental para o aperfei\u00e7oamento e a valoriza\u00e7\u00e3o destes profissionais, que exercem um papel decisivo no processo educacional\u201d, disse o prefeito.<\/p>\n<p>\u00c9den ressaltou, no documento entregue ao reitor, que os prefeitos e prefeitas da Amcap est\u00e3o dispostos a estabelecer contrapartida necess\u00e1ria o suficiente para viabilizar a implementa\u00e7\u00e3o do mestrado requerido.<\/p>\n<p>Durante a reuni\u00e3o, o chefe de gabinete, Jeandro Amorim, tamb\u00e9m tratou com o reitor \u00a0Vicem\u00e1rio e com o diretor do CDSA, Jos\u00e9 Vardelan, sobre a renova\u00e7\u00e3o do conv\u00eanio de est\u00e1gio entre a Prefeitura de Sum\u00e9 e o CDSA.<\/p>\n<p>&nbsp;<\/p>\n<p>Ascom PMS<\/p>\n","protected":false},"excerpt":{"rendered":"<p>O prefeito de Sum\u00e9, \u00c9den Duarte, requereu junto \u00e0 Universidade Federal de Campina Grande (UFCG), a oferta de mestrado profissional pelo Centro de Desenvolvimento Sustent\u00e1vel&hellip; <\/p>\n","protected":false},"author":1,"featured_media":74612,"comment_status":"closed","ping_status":"closed","sticky":false,"template":"","format":"standard","meta":{"sfsi_plus_gutenberg_text_before_share":"","sfsi_plus_gutenberg_show_text_before_share":"","sfsi_plus_gutenberg_icon_type":"","sfsi_plus_gutenberg_icon_alignemt":"","sfsi_plus_gutenburg_max_per_row":"","footnotes":""},"categories":[50,2],"tags":[],"class_list":["post-74611","post","type-post","status-publish","format-standard","has-post-thumbnail","hentry","category-destaque","category-geral"],"_links":{"self":[{"href":"https:\/\/www.caririemacao.com\/1\/wp-json\/wp\/v2\/posts\/74611","targetHints":{"allow":["GET"]}}],"collection":[{"href":"https:\/\/www.caririemacao.com\/1\/wp-json\/wp\/v2\/posts"}],"about":[{"href":"https:\/\/www.caririemacao.com\/1\/wp-json\/wp\/v2\/types\/post"}],"author":[{"embeddable":true,"href":"https:\/\/www.caririemacao.com\/1\/wp-json\/wp\/v2\/users\/1"}],"replies":[{"embeddable":true,"href":"https:\/\/www.caririemacao.com\/1\/wp-json\/wp\/v2\/comments?post=74611"}],"version-history":[{"count":1,"href":"https:\/\/www.caririemacao.com\/1\/wp-json\/wp\/v2\/posts\/74611\/revisions"}],"predecessor-version":[{"id":74613,"href":"https:\/\/www.caririemacao.com\/1\/wp-json\/wp\/v2\/posts\/74611\/revisions\/74613"}],"wp:featuredmedia":[{"embeddable":true,"href":"https:\/\/www.caririemacao.com\/1\/wp-json\/wp\/v2\/media\/74612"}],"wp:attachment":[{"href":"https:\/\/www.caririemacao.com\/1\/wp-json\/wp\/v2\/media?parent=74611"}],"wp:term":[{"taxonomy":"category","embeddable":true,"href":"https:\/\/www.caririemacao.com\/1\/wp-json\/wp\/v2\/categories?post=74611"},{"taxonomy":"post_tag","embeddable":true,"href":"https:\/\/www.caririemacao.com\/1\/wp-json\/wp\/v2\/tags?post=74611"}],"curies":[{"name":"wp","href":"https:\/\/api.w.org\/{rel}","templated":true}]}}