{"id":74614,"date":"2018-11-28T14:07:59","date_gmt":"2018-11-28T17:07:59","guid":{"rendered":"http:\/\/www.caririemacao.com\/1\/?p=74614"},"modified":"2018-11-28T14:07:59","modified_gmt":"2018-11-28T17:07:59","slug":"monteiro-se-prepara-para-receber-a-i-feira-de-caprinovinocultura-em-dezembro","status":"publish","type":"post","link":"https:\/\/www.caririemacao.com\/1\/2018\/11\/28\/monteiro-se-prepara-para-receber-a-i-feira-de-caprinovinocultura-em-dezembro\/","title":{"rendered":"Monteiro se prepara para receber a I Feira de Caprinovinocultura em dezembro"},"content":{"rendered":"<p>Com a aproxima\u00e7\u00e3o da data de abertura da I Feira de Caprinovinocultura, a Prefeitura de Monteiro segue em ritmo acelerado com os preparativos para este que promete ser outro evento de grande sucesso na cidade.<\/p>\n<p>Os produtores da agricultura familiar de cabra e ovelhas no Cariri ter\u00e3o de 05 a 09 de dezembro das 08 \u00e0s 22 horas na Pra\u00e7a da Saudade mais uma oportunidade de expor e comercializar seus animais.<\/p>\n<p>Em uma parceria que tem rendido grandes frutos para Monteiro, o SEBRAE e a Prefeitura de Monteiro, al\u00e9m de \u00f3rg\u00e3os como Emater e Embrapa, oferecer\u00e3o uma confort\u00e1vel infraestrutura, os produtores contar\u00e3o com o fornecimento de feno, \u00e1gua e outros benef\u00edcios para os produtores, a I Feira de Caprinovinocultura \u00a0tamb\u00e9m oferece uma premia\u00e7\u00e3o no valor total de R$ 20 mil.<\/p>\n<p>Para participar da intensa programa\u00e7\u00e3o os produtores poder\u00e3o efetuar sua inscri\u00e7\u00e3o a um custo de R$ 50 reais para os produtores locais e R$ 100 reais para os produtores visitantes.<\/p>\n<p>A I Feira de Caprinovinocultura \u00a0contar\u00e1 com exposi\u00e7\u00e3o de animais e o torneio leiteiro, al\u00b4\u00b4em da oportunidade de gerar novos de neg\u00f3cios, al\u00e9m de obterem informa\u00e7\u00f5es sobre inova\u00e7\u00f5es e novas tecnologias.<\/p>\n<p>Inova Monteiro Trend 2018<\/p>\n<p>Em uma programa\u00e7\u00e3o conjunta com a I Feira de Caprinovinocultura, tamb\u00e9m acontecer\u00e1 o &#8220;Inova Monteiro Trend 2018&#8221; que conta com o apoio do SEBRAE Cariri e realiza em seu segundo ano uma feira de neg\u00f3cios que aborda as principais tend\u00eancias e inova\u00e7\u00f5es para os setores da moda, beleza e bem-estar. Durante o evento haver\u00e1 exposi\u00e7\u00e3o de produtos e servi\u00e7os, al\u00e9m de desfiles de moda e shows.<\/p>\n<p>Servi\u00e7o<\/p>\n<p>Evento: I Feira de Caprinovinocultura<\/p>\n<p>Local: Pra\u00e7a da Saudade \u2013 Monteiro \u2013 PB<\/p>\n<p>Data: 05 a 09 de Dezembro<\/p>\n<p>Hor\u00e1rio: 08 \u00e0s 22 horas<\/p>\n<p>Realiza\u00e7\u00e3o: Prefeitura Municipal de Monteiro \u2013 Emater &#8211; Embrapa &#8211; Sebrae<\/p>\n<p>&nbsp;<\/p>\n<p>Ascom\/Monteiro<\/p>\n","protected":false},"excerpt":{"rendered":"<p>Com a aproxima\u00e7\u00e3o da data de abertura da I Feira de Caprinovinocultura, a Prefeitura de Monteiro segue em ritmo acelerado com os preparativos para este&hellip; <\/p>\n","protected":false},"author":1,"featured_media":74615,"comment_status":"closed","ping_status":"closed","sticky":false,"template":"","format":"standard","meta":{"sfsi_plus_gutenberg_text_before_share":"","sfsi_plus_gutenberg_show_text_before_share":"","sfsi_plus_gutenberg_icon_type":"","sfsi_plus_gutenberg_icon_alignemt":"","sfsi_plus_gutenburg_max_per_row":"","footnotes":""},"categories":[6],"tags":[],"class_list":["post-74614","post","type-post","status-publish","format-standard","has-post-thumbnail","hentry","category-cidades"],"_links":{"self":[{"href":"https:\/\/www.caririemacao.com\/1\/wp-json\/wp\/v2\/posts\/74614","targetHints":{"allow":["GET"]}}],"collection":[{"href":"https:\/\/www.caririemacao.com\/1\/wp-json\/wp\/v2\/posts"}],"about":[{"href":"https:\/\/www.caririemacao.com\/1\/wp-json\/wp\/v2\/types\/post"}],"author":[{"embeddable":true,"href":"https:\/\/www.caririemacao.com\/1\/wp-json\/wp\/v2\/users\/1"}],"replies":[{"embeddable":true,"href":"https:\/\/www.caririemacao.com\/1\/wp-json\/wp\/v2\/comments?post=74614"}],"version-history":[{"count":1,"href":"https:\/\/www.caririemacao.com\/1\/wp-json\/wp\/v2\/posts\/74614\/revisions"}],"predecessor-version":[{"id":74616,"href":"https:\/\/www.caririemacao.com\/1\/wp-json\/wp\/v2\/posts\/74614\/revisions\/74616"}],"wp:featuredmedia":[{"embeddable":true,"href":"https:\/\/www.caririemacao.com\/1\/wp-json\/wp\/v2\/media\/74615"}],"wp:attachment":[{"href":"https:\/\/www.caririemacao.com\/1\/wp-json\/wp\/v2\/media?parent=74614"}],"wp:term":[{"taxonomy":"category","embeddable":true,"href":"https:\/\/www.caririemacao.com\/1\/wp-json\/wp\/v2\/categories?post=74614"},{"taxonomy":"post_tag","embeddable":true,"href":"https:\/\/www.caririemacao.com\/1\/wp-json\/wp\/v2\/tags?post=74614"}],"curies":[{"name":"wp","href":"https:\/\/api.w.org\/{rel}","templated":true}]}}