{"id":74622,"date":"2018-11-28T14:18:43","date_gmt":"2018-11-28T17:18:43","guid":{"rendered":"http:\/\/www.caririemacao.com\/1\/?p=74622"},"modified":"2018-11-28T14:18:43","modified_gmt":"2018-11-28T17:18:43","slug":"publicado-edital-do-concurso-da-prf-com-salarios-de-ate-r-9-47357","status":"publish","type":"post","link":"https:\/\/www.caririemacao.com\/1\/2018\/11\/28\/publicado-edital-do-concurso-da-prf-com-salarios-de-ate-r-9-47357\/","title":{"rendered":"Publicado edital do concurso da PRF com sal\u00e1rios de at\u00e9 R$ 9.473,57"},"content":{"rendered":"<p>Foi publicado o edital do concurso da Pol\u00edcia Rodovi\u00e1ria Federal. O documento foi divulgado nesta quarta-feira, 28 de novembro, no Di\u00e1rio Oficial da Uni\u00e3o e oferta 500 vagas imediatas para o cargo de Policial Federal Rodovi\u00e1rio.<\/p>\n<p>Confira o Edital no\u00a0<a href=\"http:\/\/www.imprensanacional.gov.br\/materia\/-\/asset_publisher\/Kujrw0TZC2Mb\/content\/id\/52303201\" target=\"true\">DI\u00c1RIO OFICIAL DA UNI\u00c3O<\/a>.<\/p>\n<p>Com a publica\u00e7\u00e3o do edital, o per\u00edodo de inscri\u00e7\u00f5es fica aberto a partir do dia 3 de dezembro e se estende at\u00e9 o dia 18 do mesmo m\u00eas. O formul\u00e1rio para preenchimento da candidatura ficar\u00e1 dispon\u00edvel no site da pr\u00f3pria banca organizadora do certame, Cespe\/Cebraspe.<\/p>\n<p>A taxa de inscri\u00e7\u00e3o \u00e9 de\u00a0R$ 150. O pagamento pode ser feito at\u00e9 15 de janeiro de 2019.<\/p>\n<p>De acordo com o edital, os policiais rodovi\u00e1rios receber\u00e3o sal\u00e1rios iniciais de R$ 9.473,57.<\/p>\n<p>Entre os crit\u00e9rios, o \u00a0candidato precisa ter de 18 a 65 anos de idade, ensino superior completo em qualquer \u00e1rea de forma\u00e7\u00e3o e habilita\u00e7\u00e3o, na categoria B ou superior.<\/p>\n<p>O concurso ter\u00e1 as\u00a0etapas da\u00a0Prova Objetiva,\u00a0Prova Discursiva,\u00a0Exame de Capacidade F\u00edsica,\u00a0Avalia\u00e7\u00e3o de Sa\u00fade, Avalia\u00e7\u00e3o Psicol\u00f3gica,\u00a0Avalia\u00e7\u00e3o de T\u00edtulos e\u00a0Investiga\u00e7\u00e3o Social.<\/p>\n<p>A\u00a0prova objetiva ser\u00e1 aplicada no dia 03 de fevereiro de 2019, composta por 120 quest\u00f5es, abordando conhecimentos b\u00e1sicos e espec\u00edficos. A prova ter\u00e1 dura\u00e7\u00e3o de\u00a04 horas e 30 minutos, com\u00a0120 itens, do\u00a0tipo CERTO e ERRADO. Al\u00e9m da prova objetiva, os candidatos responde a uma prova discursiva, composta por uma quest\u00e3o com tema a ser discutido em 30 linhas.<\/p>\n","protected":false},"excerpt":{"rendered":"<p>Foi publicado o edital do concurso da Pol\u00edcia Rodovi\u00e1ria Federal. O documento foi divulgado nesta quarta-feira, 28 de novembro, no Di\u00e1rio Oficial da Uni\u00e3o e&hellip; <\/p>\n","protected":false},"author":1,"featured_media":71194,"comment_status":"closed","ping_status":"closed","sticky":false,"template":"","format":"standard","meta":{"sfsi_plus_gutenberg_text_before_share":"","sfsi_plus_gutenberg_show_text_before_share":"","sfsi_plus_gutenberg_icon_type":"","sfsi_plus_gutenberg_icon_alignemt":"","sfsi_plus_gutenburg_max_per_row":"","footnotes":""},"categories":[2],"tags":[],"class_list":["post-74622","post","type-post","status-publish","format-standard","has-post-thumbnail","hentry","category-geral"],"_links":{"self":[{"href":"https:\/\/www.caririemacao.com\/1\/wp-json\/wp\/v2\/posts\/74622","targetHints":{"allow":["GET"]}}],"collection":[{"href":"https:\/\/www.caririemacao.com\/1\/wp-json\/wp\/v2\/posts"}],"about":[{"href":"https:\/\/www.caririemacao.com\/1\/wp-json\/wp\/v2\/types\/post"}],"author":[{"embeddable":true,"href":"https:\/\/www.caririemacao.com\/1\/wp-json\/wp\/v2\/users\/1"}],"replies":[{"embeddable":true,"href":"https:\/\/www.caririemacao.com\/1\/wp-json\/wp\/v2\/comments?post=74622"}],"version-history":[{"count":1,"href":"https:\/\/www.caririemacao.com\/1\/wp-json\/wp\/v2\/posts\/74622\/revisions"}],"predecessor-version":[{"id":74623,"href":"https:\/\/www.caririemacao.com\/1\/wp-json\/wp\/v2\/posts\/74622\/revisions\/74623"}],"wp:featuredmedia":[{"embeddable":true,"href":"https:\/\/www.caririemacao.com\/1\/wp-json\/wp\/v2\/media\/71194"}],"wp:attachment":[{"href":"https:\/\/www.caririemacao.com\/1\/wp-json\/wp\/v2\/media?parent=74622"}],"wp:term":[{"taxonomy":"category","embeddable":true,"href":"https:\/\/www.caririemacao.com\/1\/wp-json\/wp\/v2\/categories?post=74622"},{"taxonomy":"post_tag","embeddable":true,"href":"https:\/\/www.caririemacao.com\/1\/wp-json\/wp\/v2\/tags?post=74622"}],"curies":[{"name":"wp","href":"https:\/\/api.w.org\/{rel}","templated":true}]}}