{"id":74624,"date":"2018-11-28T14:21:22","date_gmt":"2018-11-28T17:21:22","guid":{"rendered":"http:\/\/www.caririemacao.com\/1\/?p=74624"},"modified":"2018-11-28T14:21:22","modified_gmt":"2018-11-28T17:21:22","slug":"abertura-de-vagas-no-mais-medicos-aumenta-procura-por-registro","status":"publish","type":"post","link":"https:\/\/www.caririemacao.com\/1\/2018\/11\/28\/abertura-de-vagas-no-mais-medicos-aumenta-procura-por-registro\/","title":{"rendered":"Abertura de vagas no Mais M\u00e9dicos aumenta procura por registro"},"content":{"rendered":"<p>O Conselho Regional de Medicina do Estado de S\u00e3o Paulo (Cremesp) confirmou hoje (28) \u00e0 <strong>Ag\u00eancia Brasil<\/strong> o aumento da procura por registro profissional ap\u00f3s a abertura do edital para contrata\u00e7\u00e3o para o programa Mais M\u00e9dicos. De 22 a 27 de novembro, 893 rec\u00e9m-formados procuraram o \u00f3rg\u00e3o para a emiss\u00e3o do registro do CRM (Conselho Regional de Medicina).<\/p>\n<p>Diante da demanda, o Cremesp montou uma for\u00e7a-tarefa para priorizar o registro de m\u00e9dicos rec\u00e9m-formados. O atendimento priorit\u00e1rio do Cremesp funciona na sede do \u00f3rg\u00e3o, em S\u00e3o Paulo, e nas 26 delegacias regionais.<\/p>\n<p>As inscri\u00e7\u00f5es no programa do governo federal v\u00e3o at\u00e9 o pr\u00f3ximo dia 7 por <a href=\"http:\/\/www.maismedicos.gov.br\/\" target=\"_blank\" rel=\"noopener\">meio da internet<\/a>. At\u00e9 segunda-feira (26) o Minist\u00e9rio da Sa\u00fade havia registrado o <a href=\"http:\/\/agenciabrasil.ebc.com.br\/saude\/noticia\/2018-11\/programa-mais-medicos-tem-972-das-vagas-preenchidas\" target=\"_blank\" rel=\"noopener\">preenchimento de 97,2% das vagas ofertadas<\/a> no novo edital do Mais M\u00e9dicos. Ainda segundo a pasta, a apresenta\u00e7\u00e3o dos m\u00e9dicos deve ser feita at\u00e9 14 de dezembro.<\/p>\n<p>At\u00e9 a \u00faltima sexta-feira (23), 40 profissionais j\u00e1 haviam se apresentado \u00e0s unidades b\u00e1sicas de sa\u00fade.<\/p>\n<p>Podem participar da sele\u00e7\u00e3o profissionais formados no Brasil ou com diploma estrangeiro revalidado.<\/p>\n<p>&nbsp;<\/p>\n<p>EBC<\/p>\n","protected":false},"excerpt":{"rendered":"<p>O Conselho Regional de Medicina do Estado de S\u00e3o Paulo (Cremesp) confirmou hoje (28) \u00e0 Ag\u00eancia Brasil o aumento da procura por registro profissional ap\u00f3s&hellip; <\/p>\n","protected":false},"author":1,"featured_media":73850,"comment_status":"closed","ping_status":"closed","sticky":false,"template":"","format":"standard","meta":{"sfsi_plus_gutenberg_text_before_share":"","sfsi_plus_gutenberg_show_text_before_share":"","sfsi_plus_gutenberg_icon_type":"","sfsi_plus_gutenberg_icon_alignemt":"","sfsi_plus_gutenburg_max_per_row":"","footnotes":""},"categories":[16],"tags":[],"class_list":["post-74624","post","type-post","status-publish","format-standard","has-post-thumbnail","hentry","category-saude"],"_links":{"self":[{"href":"https:\/\/www.caririemacao.com\/1\/wp-json\/wp\/v2\/posts\/74624","targetHints":{"allow":["GET"]}}],"collection":[{"href":"https:\/\/www.caririemacao.com\/1\/wp-json\/wp\/v2\/posts"}],"about":[{"href":"https:\/\/www.caririemacao.com\/1\/wp-json\/wp\/v2\/types\/post"}],"author":[{"embeddable":true,"href":"https:\/\/www.caririemacao.com\/1\/wp-json\/wp\/v2\/users\/1"}],"replies":[{"embeddable":true,"href":"https:\/\/www.caririemacao.com\/1\/wp-json\/wp\/v2\/comments?post=74624"}],"version-history":[{"count":1,"href":"https:\/\/www.caririemacao.com\/1\/wp-json\/wp\/v2\/posts\/74624\/revisions"}],"predecessor-version":[{"id":74625,"href":"https:\/\/www.caririemacao.com\/1\/wp-json\/wp\/v2\/posts\/74624\/revisions\/74625"}],"wp:featuredmedia":[{"embeddable":true,"href":"https:\/\/www.caririemacao.com\/1\/wp-json\/wp\/v2\/media\/73850"}],"wp:attachment":[{"href":"https:\/\/www.caririemacao.com\/1\/wp-json\/wp\/v2\/media?parent=74624"}],"wp:term":[{"taxonomy":"category","embeddable":true,"href":"https:\/\/www.caririemacao.com\/1\/wp-json\/wp\/v2\/categories?post=74624"},{"taxonomy":"post_tag","embeddable":true,"href":"https:\/\/www.caririemacao.com\/1\/wp-json\/wp\/v2\/tags?post=74624"}],"curies":[{"name":"wp","href":"https:\/\/api.w.org\/{rel}","templated":true}]}}