{"id":74626,"date":"2018-11-28T14:23:28","date_gmt":"2018-11-28T17:23:28","guid":{"rendered":"http:\/\/www.caririemacao.com\/1\/?p=74626"},"modified":"2018-11-28T14:23:28","modified_gmt":"2018-11-28T17:23:28","slug":"senado-avanca-em-proposta-que-libera-uso-medicinal-da-maconha","status":"publish","type":"post","link":"https:\/\/www.caririemacao.com\/1\/2018\/11\/28\/senado-avanca-em-proposta-que-libera-uso-medicinal-da-maconha\/","title":{"rendered":"Senado avan\u00e7a em proposta que libera uso medicinal da maconha"},"content":{"rendered":"<p>A Comiss\u00e3o de Assuntos Sociais (CAS) do Senado aprovou, nesta quarta-feira (28), um substitutivo da senadora Marta Suplicy (sem partido \u2013 SP) ao Projeto de Lei do Senado 514\/2017 que libera o uso medicinal da maconha. Antes de vigorar, a mat\u00e9ria tem longo caminho pela frente, j\u00e1 que precisa ser analisada pela Comiss\u00e3o de Constitui\u00e7\u00e3o e Justi\u00e7a (CCJ) e, depois, pelo plen\u00e1rio do Senado. Caso vencidas as etapas com sucesso, o texto ser\u00e1 enviado para a C\u00e2mara dos Deputados.<\/p>\n<h2><\/h2>\n<div class=\"dnd-widget-wrapper context-grande_6colunas type-image atom-align-left\">\n<div class=\"dnd-atom-rendered\"><!-- scald=97784:grande_6colunas {\"additionalClasses\":\"\"} --><\/p>\n<figure class=\"mejs-fotoh-wrapper\"><img decoding=\"async\" class=\"img-responsive full full lazyload\" title=\"Divulga\u00e7\u00e3o \/ Pol\u00edcia Federal\" data-src=\"http:\/\/imagens.ebc.com.br\/9CnRzIBVQ7VlxrGbtuwwnQQRN0k=\/463x0\/smart\/http:\/\/agenciabrasil.ebc.com.br\/sites\/default\/files\/atoms\/image\/folha_maconha_divulgacao_policia_federal.jpg?itok=AGetGwd8\" alt=\"Segundo a ag\u00eancia reguladora, a inclus\u00e3o n\u00e3o altera as regras para importa\u00e7\u00e3o de medicamentos com canabidiol ou outros extratos da maconha.\" src=\"data:image\/svg+xml;base64,PHN2ZyB3aWR0aD0iMSIgaGVpZ2h0PSIxIiB4bWxucz0iaHR0cDovL3d3dy53My5vcmcvMjAwMC9zdmciPjwvc3ZnPg==\" \/><\/figure>\n<p><!-- END scald=97784 --><\/div>\n<div class=\"dnd-caption-wrapper\">\n<div class=\"meta\"><!--copyright=97784-->Proposta livera cultivo\u00a0 <em>Cannabis sativa <\/em>para uso terap\u00eautico &#8211; <strong>Divulga\u00e7\u00e3o \/ PF<\/strong><!--END copyright=97784--><\/div>\n<\/div>\n<\/div>\n<p>A proposta relatada pela senadora Marta Suplicy (sem partido-SP) descriminaliza o semeio, o cultivo e a colheita de <em>Cannabis sativa <\/em>para uso terap\u00eautico pessoal em quantidade n\u00e3o maior que a suficiente ao tratamento segundo a prescri\u00e7\u00e3o m\u00e9dica. O substitutivo\u00a0 tamb\u00e9m altera a Lei de Antidrogas (Lei 11.343, de 2006) e passa a liberar o acesso \u00e0\u00a0<em>Cannabis<\/em>\u00a0para associa\u00e7\u00f5es de pacientes ou familiares de pacientes criadas especificamente com esta finalidade.<\/p>\n<p>Sob os olhares de 10 fam\u00edlias com pacientes que dependem da subst\u00e2ncia e que acompanharam a vota\u00e7\u00e3o, a senadora destacou que, a partir do uso da subst\u00e2ncia, foi poss\u00edvel perceber melhora importante em pacientes com autismo, epilepsia, Alzheimer, Parkinson, nas dores cr\u00f4nicas e nas neuropatias. \u201c O tratamento reduz o sofrimento n\u00e3o s\u00f3 dos pacientes, mas tamb\u00e9m dos familiares\u201d, ressaltou.<\/p>\n<p>Segundo Marta, a aprova\u00e7\u00e3o da proposta representa um passo importante de compreens\u00e3o do ser humano.. \u201c\u00c9 um passo maior do que pensar em burocracia e fiscaliza\u00e7\u00e3o de maconha\u201d, afirmou.<\/p>\n<p>Em defesa da proposta, os senadores Humberto Costa (PT-PE), Waldemir Moka (MDB -MS ) e L\u00eddice da Mata ( PSB &#8211; BA) destacaram que n\u00e3o d\u00e1 para esperar que o Sistema \u00danico de Sa\u00fade (SUS) d\u00ea acesso \u00e0s fam\u00edlias a esse tipo de medica\u00e7\u00e3o, que tem custo muito elevado,. Para eles, o Parlamento tem obriga\u00e7\u00e3o de facilitar esse processo para melhorar a qualidade de vida dos pacientes.<\/p>\n<h2>Diverg\u00eancia<\/h2>\n<p>O senador Eduardo Amorim (PSDB-SE), que tamb\u00e9m \u00e9 m\u00e9dico, disse que apesar de reconhecer a import\u00e2ncia da <em>Cannabis<\/em> para a produ\u00e7\u00e3o de medicamentos, declarou voto contr\u00e1rio, insistindo que o Sistema \u00danico de Sa\u00fade poderia disponibilizar o medicamento para esses pacientes. \u201cMinha preocup\u00e7\u00e3o n\u00e3o tem a ver com os benef\u00edcios, minha preocupa\u00e7\u00e3o \u00e9 que cada casa seja liberda para plantio e seja trasformada em um laborat\u00f3rio de entorpecente de forma descontrolada\u201d, justifica, acrescentando a falta de controle que pode ser gerar\u00e1 em torno da permiss\u00e3o. O senador S\u00e9rgio Petec\u00e3o (PSD-AC) tamb\u00e9m votou contra a proposta.<\/p>\n<p>&nbsp;<\/p>\n<p>EBC<\/p>\n","protected":false},"excerpt":{"rendered":"<p>A Comiss\u00e3o de Assuntos Sociais (CAS) do Senado aprovou, nesta quarta-feira (28), um substitutivo da senadora Marta Suplicy (sem partido \u2013 SP) ao Projeto de&hellip; <\/p>\n","protected":false},"author":1,"featured_media":73059,"comment_status":"closed","ping_status":"closed","sticky":false,"template":"","format":"standard","meta":{"sfsi_plus_gutenberg_text_before_share":"","sfsi_plus_gutenberg_show_text_before_share":"","sfsi_plus_gutenberg_icon_type":"","sfsi_plus_gutenberg_icon_alignemt":"","sfsi_plus_gutenburg_max_per_row":"","footnotes":""},"categories":[16],"tags":[],"class_list":["post-74626","post","type-post","status-publish","format-standard","has-post-thumbnail","hentry","category-saude"],"_links":{"self":[{"href":"https:\/\/www.caririemacao.com\/1\/wp-json\/wp\/v2\/posts\/74626","targetHints":{"allow":["GET"]}}],"collection":[{"href":"https:\/\/www.caririemacao.com\/1\/wp-json\/wp\/v2\/posts"}],"about":[{"href":"https:\/\/www.caririemacao.com\/1\/wp-json\/wp\/v2\/types\/post"}],"author":[{"embeddable":true,"href":"https:\/\/www.caririemacao.com\/1\/wp-json\/wp\/v2\/users\/1"}],"replies":[{"embeddable":true,"href":"https:\/\/www.caririemacao.com\/1\/wp-json\/wp\/v2\/comments?post=74626"}],"version-history":[{"count":1,"href":"https:\/\/www.caririemacao.com\/1\/wp-json\/wp\/v2\/posts\/74626\/revisions"}],"predecessor-version":[{"id":74627,"href":"https:\/\/www.caririemacao.com\/1\/wp-json\/wp\/v2\/posts\/74626\/revisions\/74627"}],"wp:featuredmedia":[{"embeddable":true,"href":"https:\/\/www.caririemacao.com\/1\/wp-json\/wp\/v2\/media\/73059"}],"wp:attachment":[{"href":"https:\/\/www.caririemacao.com\/1\/wp-json\/wp\/v2\/media?parent=74626"}],"wp:term":[{"taxonomy":"category","embeddable":true,"href":"https:\/\/www.caririemacao.com\/1\/wp-json\/wp\/v2\/categories?post=74626"},{"taxonomy":"post_tag","embeddable":true,"href":"https:\/\/www.caririemacao.com\/1\/wp-json\/wp\/v2\/tags?post=74626"}],"curies":[{"name":"wp","href":"https:\/\/api.w.org\/{rel}","templated":true}]}}