{"id":74631,"date":"2018-11-28T14:29:00","date_gmt":"2018-11-28T17:29:00","guid":{"rendered":"http:\/\/www.caririemacao.com\/1\/?p=74631"},"modified":"2018-11-28T14:29:00","modified_gmt":"2018-11-28T17:29:00","slug":"producao-de-petroleo-e-gas-natural-cresce-8-anuncia-a-petrobras","status":"publish","type":"post","link":"https:\/\/www.caririemacao.com\/1\/2018\/11\/28\/producao-de-petroleo-e-gas-natural-cresce-8-anuncia-a-petrobras\/","title":{"rendered":"Produ\u00e7\u00e3o de petr\u00f3leo e g\u00e1s natural cresce 8%, anuncia a Petrobras"},"content":{"rendered":"<p>A produ\u00e7\u00e3o da Petrobras e parceiros atingiu, em outubro, 3,34 milh\u00f5es de barris de \u00f3leo equivalente por dia (petr\u00f3leo e g\u00e1s natural), o que significa um crescimento de 8% em rela\u00e7\u00e3o a setembro. Deste total, 3,18 milh\u00f5es de barris foram extra\u00eddos em campos nacionais.<\/p>\n<p>As informa\u00e7\u00f5es foram divulgadas pela Petrobras, que atribuiu o aumento da produ\u00e7\u00e3o \u00e0 entrada em opera\u00e7\u00e3o da FPSO P-69 (unidade flutuante de produ\u00e7\u00e3o, estocagem e transfer\u00eancia de petr\u00f3leo e g\u00e1s natural), no m\u00f3dulo Extremo Sul do campo de Lula, no pr\u00e9-sal da Bacia de Santos.<\/p>\n<div class=\"dnd-widget-wrapper context-cheio_8colunas type-image\">\n<div class=\"dnd-atom-rendered\"><!-- scald=1508:cheio_8colunas --><\/p>\n<figure class=\"mejs-fotoh-wrapper\"><img decoding=\"async\" class=\"img-responsive full full lazyload\" title=\"Arquivo Ag\u00eancia Brasil\" data-src=\"http:\/\/imagens.ebc.com.br\/Mjyw5_G6_YUj4A1_9Au7o1OvMWo=\/754x0\/smart\/http:\/\/agenciabrasil.ebc.com.br\/sites\/default\/files\/atoms\/image\/plataforma_arquivo.jpg?itok=fJ5ygjpa\" alt=\"Plataforma de petr\u00f3leo\" src=\"data:image\/svg+xml;base64,PHN2ZyB3aWR0aD0iMSIgaGVpZ2h0PSIxIiB4bWxucz0iaHR0cDovL3d3dy53My5vcmcvMjAwMC9zdmciPjwvc3ZnPg==\" \/><\/figure>\n<p><!-- END scald=1508 --><\/div>\n<div class=\"dnd-caption-wrapper\">\n<div class=\"meta\"><!--copyright=1508-->Produ\u00e7\u00e3o da Petrobras atingiu, em outubro, 3,34 milh\u00f5es de barris de \u00f3leo equivalente por dia, o que significa crescimento de 8% em rela\u00e7\u00e3o a setembro\u00a0 <strong>(<\/strong><strong>Arquivo\/Ag\u00eancia Brasil)<\/strong><!--END copyright=1508--><\/div>\n<\/div>\n<\/div>\n<h2>Petr\u00f3leo e g\u00e1s<\/h2>\n<p>A Petrobras informou que, em outubro, a sua produ\u00e7\u00e3o total de petr\u00f3leo e g\u00e1s, incluindo l\u00edquidos de g\u00e1s natural (LGN), foi de 2,66 milh\u00f5es de barris de \u00f3leo equivalente por dia, sendo 2,54 milh\u00f5es produzidos no Brasil e 119 mil no exterior.<\/p>\n<p>Tamb\u00e9m contribuiu para o crescimento de 8% o t\u00e9rmino das paradas programadas para manuten\u00e7\u00e3o das plataformas P-57, no campo de Jubarte, P-52, no campo de Roncador, e P-25 e P-31, no campo de Albacora, na Bacia de Campos.<\/p>\n<p>A Petrobras garantiu que manter\u00e1 o seu compromisso com a meta de produ\u00e7\u00e3o divulgada no Plano de Neg\u00f3cios e Gest\u00e3o 2018-2022, tendo em vista o ramp-up (fase inicial) de produ\u00e7\u00e3o das plataformas que j\u00e1 iniciaram opera\u00e7\u00e3o esse ano, como as plataformas P-74 e P-75, no campo de B\u00fazios; FPSO Cidade de Campos, no campo de Tartaruga Verde; e a pr\u00f3pria P-69, no campo de Lula.<\/p>\n<p>&nbsp;<\/p>\n<p>EBC<\/p>\n","protected":false},"excerpt":{"rendered":"<p>A produ\u00e7\u00e3o da Petrobras e parceiros atingiu, em outubro, 3,34 milh\u00f5es de barris de \u00f3leo equivalente por dia (petr\u00f3leo e g\u00e1s natural), o que significa&hellip; <\/p>\n","protected":false},"author":1,"featured_media":74633,"comment_status":"closed","ping_status":"closed","sticky":false,"template":"","format":"standard","meta":{"sfsi_plus_gutenberg_text_before_share":"","sfsi_plus_gutenberg_show_text_before_share":"","sfsi_plus_gutenberg_icon_type":"","sfsi_plus_gutenberg_icon_alignemt":"","sfsi_plus_gutenburg_max_per_row":"","footnotes":""},"categories":[11],"tags":[],"class_list":["post-74631","post","type-post","status-publish","format-standard","has-post-thumbnail","hentry","category-politica"],"_links":{"self":[{"href":"https:\/\/www.caririemacao.com\/1\/wp-json\/wp\/v2\/posts\/74631","targetHints":{"allow":["GET"]}}],"collection":[{"href":"https:\/\/www.caririemacao.com\/1\/wp-json\/wp\/v2\/posts"}],"about":[{"href":"https:\/\/www.caririemacao.com\/1\/wp-json\/wp\/v2\/types\/post"}],"author":[{"embeddable":true,"href":"https:\/\/www.caririemacao.com\/1\/wp-json\/wp\/v2\/users\/1"}],"replies":[{"embeddable":true,"href":"https:\/\/www.caririemacao.com\/1\/wp-json\/wp\/v2\/comments?post=74631"}],"version-history":[{"count":1,"href":"https:\/\/www.caririemacao.com\/1\/wp-json\/wp\/v2\/posts\/74631\/revisions"}],"predecessor-version":[{"id":74634,"href":"https:\/\/www.caririemacao.com\/1\/wp-json\/wp\/v2\/posts\/74631\/revisions\/74634"}],"wp:featuredmedia":[{"embeddable":true,"href":"https:\/\/www.caririemacao.com\/1\/wp-json\/wp\/v2\/media\/74633"}],"wp:attachment":[{"href":"https:\/\/www.caririemacao.com\/1\/wp-json\/wp\/v2\/media?parent=74631"}],"wp:term":[{"taxonomy":"category","embeddable":true,"href":"https:\/\/www.caririemacao.com\/1\/wp-json\/wp\/v2\/categories?post=74631"},{"taxonomy":"post_tag","embeddable":true,"href":"https:\/\/www.caririemacao.com\/1\/wp-json\/wp\/v2\/tags?post=74631"}],"curies":[{"name":"wp","href":"https:\/\/api.w.org\/{rel}","templated":true}]}}