{"id":74635,"date":"2018-11-28T14:59:26","date_gmt":"2018-11-28T17:59:26","guid":{"rendered":"http:\/\/www.caririemacao.com\/1\/?p=74635"},"modified":"2018-11-28T14:59:26","modified_gmt":"2018-11-28T17:59:26","slug":"populacao-vai-pagar-a-conta-do-reajuste-do-stf-diz-bolsonaro","status":"publish","type":"post","link":"https:\/\/www.caririemacao.com\/1\/2018\/11\/28\/populacao-vai-pagar-a-conta-do-reajuste-do-stf-diz-bolsonaro\/","title":{"rendered":"Popula\u00e7\u00e3o vai pagar a conta do reajuste do STF, diz Bolsonaro"},"content":{"rendered":"<p>Um dia depois de o presidente Michel Temer ter sancionado o projeto de lei que concede reajuste de 16,38% para ministros do STF (Supremo Tribunal Federal), Jair Bolsonaro disse que a conta ser\u00e1 paga pela popula\u00e7\u00e3o brasileira.<\/p>\n<p>\u201cA conta \u00e9 a popula\u00e7\u00e3o brasileira quem vai pagar, todo o mundo. A minha responsabilidade nessa \u00e1rea come\u00e7a em 1\u00ba de janeiro do ano que vem\u201d, disse.<\/p>\n<p>Questionado sobre o assunto ao deixar o CCBB (Centro Cultural Banco do Brasil), onde funciona o gabinete de transi\u00e7\u00e3o, ele disse que a pergunta sobre as consequ\u00eancias do reajuste teria de ser feita a Temer.<\/p>\n<p>\u201cPergunta para o Temer. O Temer quem decidiu sancionar\u201d, respondeu.<\/p>\n<p>O emedebista sancionou na segunda-feira (26) o projeto de lei que eleva o sal\u00e1rio dos ministros dos atuais R$ 33,7 mil para R$ 39,3 mil.<\/p>\n<p>A medida deve gerar um efeito cascata, cujo impacto calculado por t\u00e9cnicos do Senado e da C\u00e2mara \u00e9 de cerca de R$ 4 bilh\u00f5es por ano.<\/p>\n<p>O aumento foi aprovado no Senado no dia 7. No mesmo dia, horas antes da vota\u00e7\u00e3o, Bolsonaro disse que o momento n\u00e3o era apropriado para o reajuste.<\/p>\n<p>Represado desde 2015, o reajuste salarial para o Judici\u00e1rio foi conquistado a partir de uma negocia\u00e7\u00e3o feita pelo presidente do STF, Dias Toffoli, com o governo Temer.<\/p>\n<p>Os ministros do STF ofereceram rever o aux\u00edlio-moradia de R$ 4.377 em troca do aumento de 16,38%.<\/p>\n<p>O benef\u00edcio \u00e9 pago indiscriminadamente a todos os ju\u00edzes e membros do Minist\u00e9rio P\u00fablico, mesmo \u00e0queles que t\u00eam casa pr\u00f3pria na cidade onde trabalham.<\/p>\n<p>Apesar da troca, nes- sa conta, os ministros n\u00e3o incluem os gastos gerados pelo efeito cascata nos demais Poderes e nos tribunais estaduais.<\/p>\n<p>Toffoli, contudo, tem dito que o fim do aux\u00edlio-moradia vai ajudar o governo a compensar o reajuste com o aumento da arrecada\u00e7\u00e3o. Isso porque o valor acrescido ao sal\u00e1rio \u00e9 tribut\u00e1vel, enquanto o aux\u00edlio-moradia n\u00e3o \u00e9.<\/p>\n<p>Estimativa da ONG Contas Abertas indica que, de setembro de 2014 at\u00e9 dezembro do ano passado, o benef\u00edcio do aux\u00edlio-moradia para 17 mil magistrados e 13 mil membros do Minist\u00e9rio P\u00fablico custou R$ 5 bilh\u00f5es \u00e0 Uni\u00e3o e aos estados.<\/p>\n<p>&nbsp;<\/p>\n<p>FOLHAPRESS<\/p>\n","protected":false},"excerpt":{"rendered":"<p>Um dia depois de o presidente Michel Temer ter sancionado o projeto de lei que concede reajuste de 16,38% para ministros do STF (Supremo Tribunal&hellip; <\/p>\n","protected":false},"author":1,"featured_media":71477,"comment_status":"closed","ping_status":"closed","sticky":false,"template":"","format":"standard","meta":{"sfsi_plus_gutenberg_text_before_share":"","sfsi_plus_gutenberg_show_text_before_share":"","sfsi_plus_gutenberg_icon_type":"","sfsi_plus_gutenberg_icon_alignemt":"","sfsi_plus_gutenburg_max_per_row":"","footnotes":""},"categories":[11],"tags":[],"class_list":["post-74635","post","type-post","status-publish","format-standard","has-post-thumbnail","hentry","category-politica"],"_links":{"self":[{"href":"https:\/\/www.caririemacao.com\/1\/wp-json\/wp\/v2\/posts\/74635","targetHints":{"allow":["GET"]}}],"collection":[{"href":"https:\/\/www.caririemacao.com\/1\/wp-json\/wp\/v2\/posts"}],"about":[{"href":"https:\/\/www.caririemacao.com\/1\/wp-json\/wp\/v2\/types\/post"}],"author":[{"embeddable":true,"href":"https:\/\/www.caririemacao.com\/1\/wp-json\/wp\/v2\/users\/1"}],"replies":[{"embeddable":true,"href":"https:\/\/www.caririemacao.com\/1\/wp-json\/wp\/v2\/comments?post=74635"}],"version-history":[{"count":1,"href":"https:\/\/www.caririemacao.com\/1\/wp-json\/wp\/v2\/posts\/74635\/revisions"}],"predecessor-version":[{"id":74655,"href":"https:\/\/www.caririemacao.com\/1\/wp-json\/wp\/v2\/posts\/74635\/revisions\/74655"}],"wp:featuredmedia":[{"embeddable":true,"href":"https:\/\/www.caririemacao.com\/1\/wp-json\/wp\/v2\/media\/71477"}],"wp:attachment":[{"href":"https:\/\/www.caririemacao.com\/1\/wp-json\/wp\/v2\/media?parent=74635"}],"wp:term":[{"taxonomy":"category","embeddable":true,"href":"https:\/\/www.caririemacao.com\/1\/wp-json\/wp\/v2\/categories?post=74635"},{"taxonomy":"post_tag","embeddable":true,"href":"https:\/\/www.caririemacao.com\/1\/wp-json\/wp\/v2\/tags?post=74635"}],"curies":[{"name":"wp","href":"https:\/\/api.w.org\/{rel}","templated":true}]}}