{"id":74658,"date":"2018-11-28T22:17:37","date_gmt":"2018-11-29T01:17:37","guid":{"rendered":"http:\/\/www.caririemacao.com\/1\/?p=74658"},"modified":"2018-11-28T22:17:37","modified_gmt":"2018-11-29T01:17:37","slug":"apos-excluir-partidos-de-ministerios-bolsonaro-vai-receber-mdb-e-pr","status":"publish","type":"post","link":"https:\/\/www.caririemacao.com\/1\/2018\/11\/28\/apos-excluir-partidos-de-ministerios-bolsonaro-vai-receber-mdb-e-pr\/","title":{"rendered":"Ap\u00f3s excluir partidos de minist\u00e9rios, Bolsonaro vai receber MDB e PR"},"content":{"rendered":"<p>Ap\u00f3s excluir a c\u00fapula dos partidos pol\u00edticos das negocia\u00e7\u00f5es para forma\u00e7\u00e3o do seu minist\u00e9rio, o presidente eleito, Jair Bolsonaro (PSL), acertou reuni\u00f5es com as bancadas de congressistas do MDB e do PR na semana que vem.<\/p>\n<p>A combina\u00e7\u00e3o foi feita pelo futuro ministro da Casa Civil, Onyx Lorenzoni (DEM), que esteve na C\u00e2mara nesta quarta-feira (28) conversando com os representantes das legendas.<\/p>\n<p>O presidente eleito j\u00e1 escolheu 19 ministros. At\u00e9 agora n\u00e3o tem recorrido \u00e0 pr\u00e1tica de consultar l\u00edderes dos partidos para as nomea\u00e7\u00f5es.<\/p>\n<p>O futuro chefe da Casa Civil sinalizou aos parlamentares que a ideia do novo governo \u00e9 a partir de agora iniciar um di\u00e1logo com o Congresso.<br \/>\nA bancada do MDB ser\u00e1 recebida na ter\u00e7a que vem (4) e a do PR, na quarta (5).<\/p>\n<p>Segundo o l\u00edder do PR, Jos\u00e9 Rocha, Lorenzoni n\u00e3o disse o que Bolsonaro quer conversar com os deputados.<\/p>\n<p>Os encontros acontecer\u00e3o no CCBB (Centro Cultural Banco do Brasil), onde est\u00e1 montado o gabinete de transi\u00e7\u00e3o. O MDB tem a segunda maior bancada da C\u00e2mara, com 51 deputados, e o PR, a sexta, com 41<\/p>\n<p>&nbsp;<\/p>\n<p>FOLHAPRESS<\/p>\n","protected":false},"excerpt":{"rendered":"<p>Ap\u00f3s excluir a c\u00fapula dos partidos pol\u00edticos das negocia\u00e7\u00f5es para forma\u00e7\u00e3o do seu minist\u00e9rio, o presidente eleito, Jair Bolsonaro (PSL), acertou reuni\u00f5es com as bancadas&hellip; <\/p>\n","protected":false},"author":1,"featured_media":71766,"comment_status":"closed","ping_status":"closed","sticky":false,"template":"","format":"standard","meta":{"sfsi_plus_gutenberg_text_before_share":"","sfsi_plus_gutenberg_show_text_before_share":"","sfsi_plus_gutenberg_icon_type":"","sfsi_plus_gutenberg_icon_alignemt":"","sfsi_plus_gutenburg_max_per_row":"","footnotes":""},"categories":[11],"tags":[],"class_list":["post-74658","post","type-post","status-publish","format-standard","has-post-thumbnail","hentry","category-politica"],"_links":{"self":[{"href":"https:\/\/www.caririemacao.com\/1\/wp-json\/wp\/v2\/posts\/74658","targetHints":{"allow":["GET"]}}],"collection":[{"href":"https:\/\/www.caririemacao.com\/1\/wp-json\/wp\/v2\/posts"}],"about":[{"href":"https:\/\/www.caririemacao.com\/1\/wp-json\/wp\/v2\/types\/post"}],"author":[{"embeddable":true,"href":"https:\/\/www.caririemacao.com\/1\/wp-json\/wp\/v2\/users\/1"}],"replies":[{"embeddable":true,"href":"https:\/\/www.caririemacao.com\/1\/wp-json\/wp\/v2\/comments?post=74658"}],"version-history":[{"count":1,"href":"https:\/\/www.caririemacao.com\/1\/wp-json\/wp\/v2\/posts\/74658\/revisions"}],"predecessor-version":[{"id":74676,"href":"https:\/\/www.caririemacao.com\/1\/wp-json\/wp\/v2\/posts\/74658\/revisions\/74676"}],"wp:featuredmedia":[{"embeddable":true,"href":"https:\/\/www.caririemacao.com\/1\/wp-json\/wp\/v2\/media\/71766"}],"wp:attachment":[{"href":"https:\/\/www.caririemacao.com\/1\/wp-json\/wp\/v2\/media?parent=74658"}],"wp:term":[{"taxonomy":"category","embeddable":true,"href":"https:\/\/www.caririemacao.com\/1\/wp-json\/wp\/v2\/categories?post=74658"},{"taxonomy":"post_tag","embeddable":true,"href":"https:\/\/www.caririemacao.com\/1\/wp-json\/wp\/v2\/tags?post=74658"}],"curies":[{"name":"wp","href":"https:\/\/api.w.org\/{rel}","templated":true}]}}