{"id":74667,"date":"2018-11-28T15:21:00","date_gmt":"2018-11-28T18:21:00","guid":{"rendered":"http:\/\/www.caririemacao.com\/1\/?p=74667"},"modified":"2018-11-28T15:21:27","modified_gmt":"2018-11-28T18:21:27","slug":"policial-militar-recebe-titulo-de-cidadania-caraubense","status":"publish","type":"post","link":"https:\/\/www.caririemacao.com\/1\/2018\/11\/28\/policial-militar-recebe-titulo-de-cidadania-caraubense\/","title":{"rendered":"Policial Militar recebe t\u00edtulo de cidadania caraubense"},"content":{"rendered":"<p>A C\u00e2mara Municipal de Cara\u00fabas realizou na noite desta ter\u00e7a-feira (27), no plen\u00e1rio da C\u00e2mara Municipal uma sess\u00e3o solene para entregar do titulo de Cidadania ao policial militar, Nilton Cezar Macena de Souza.<\/p>\n<p><img fetchpriority=\"high\" decoding=\"async\" class=\"aligncenter wp-image-74661 size-full\" src=\"http:\/\/www.caririemacao.com\/1\/wp-content\/uploads\/2018\/11\/IMG_0116-20181128.jpg\" alt=\"\" width=\"1600\" height=\"1067\" srcset=\"https:\/\/www.caririemacao.com\/1\/wp-content\/uploads\/2018\/11\/IMG_0116-20181128.jpg 1600w, https:\/\/www.caririemacao.com\/1\/wp-content\/uploads\/2018\/11\/IMG_0116-20181128-300x200.jpg 300w, https:\/\/www.caririemacao.com\/1\/wp-content\/uploads\/2018\/11\/IMG_0116-20181128-768x512.jpg 768w, https:\/\/www.caririemacao.com\/1\/wp-content\/uploads\/2018\/11\/IMG_0116-20181128-1024x683.jpg 1024w\" sizes=\"(max-width: 1600px) 100vw, 1600px\" \/><\/p>\n<p>O ato de entrega da horaria ocorreu logo ap\u00f3s a conclus\u00e3o dos trabalhos da sess\u00e3o ordin\u00e1ria que ocorre sempre \u00e0s ter\u00e7as-feiras.<\/p>\n<p>O decreto legislativo que tornou o PM serrabranquense o mais novo Cidad\u00e3o Caraubense foi de autoria do vereador presidente Jos\u00e9 Renivan Neves. Durante os discursos, os parlamentares parabenizaram o PM Macena e ao mesmo tempo agradeceram pelos esfor\u00e7os que tem prestado em defesa da popula\u00e7\u00e3o de Cara\u00fabas.<\/p>\n<p><img decoding=\"async\" class=\"aligncenter wp-image-74663 size-full lazyload\" data-src=\"http:\/\/www.caririemacao.com\/1\/wp-content\/uploads\/2018\/11\/IMG_0150-20181128.jpg\" alt=\"\" width=\"1600\" height=\"1067\" data-srcset=\"https:\/\/www.caririemacao.com\/1\/wp-content\/uploads\/2018\/11\/IMG_0150-20181128.jpg 1600w, https:\/\/www.caririemacao.com\/1\/wp-content\/uploads\/2018\/11\/IMG_0150-20181128-300x200.jpg 300w, https:\/\/www.caririemacao.com\/1\/wp-content\/uploads\/2018\/11\/IMG_0150-20181128-768x512.jpg 768w, https:\/\/www.caririemacao.com\/1\/wp-content\/uploads\/2018\/11\/IMG_0150-20181128-1024x683.jpg 1024w\" data-sizes=\"(max-width: 1600px) 100vw, 1600px\" src=\"data:image\/svg+xml;base64,PHN2ZyB3aWR0aD0iMSIgaGVpZ2h0PSIxIiB4bWxucz0iaHR0cDovL3d3dy53My5vcmcvMjAwMC9zdmciPjwvc3ZnPg==\" style=\"--smush-placeholder-width: 1600px; --smush-placeholder-aspect-ratio: 1600\/1067;\" \/><\/p>\n<p>Confira a fala do presidente Renivan Neves sobre o homenageado; Veja v\u00eddeo abaixo:<\/p>\n<div style=\"width: 426px;\" class=\"wp-video\"><video class=\"wp-video-shortcode\" id=\"video-74667-1\" width=\"426\" height=\"240\" preload=\"metadata\" controls=\"controls\"><source type=\"video\/mp4\" src=\"http:\/\/www.caririemacao.com\/1\/wp-content\/uploads\/2018\/11\/02.mp4?_=1\" \/><a href=\"http:\/\/www.caririemacao.com\/1\/wp-content\/uploads\/2018\/11\/02.mp4\">http:\/\/www.caririemacao.com\/1\/wp-content\/uploads\/2018\/11\/02.mp4<\/a><\/video><\/div>\n<p>&nbsp;<\/p>\n<p style=\"text-align: center;\"><a href=\"https:\/\/www.facebook.com\/pg\/CaririEmAcao\/photos\/?tab=album&amp;album_id=1417070471762305\"><strong>Veja Fotos_\u00a0Sess\u00e3o da C\u00e2mara de Vereadores de Cara\u00fabas<\/strong><\/a><\/p>\n<p><div class=\"ose- ose-uid-15b6dae46c1892741c5d9702c801b441 ose-embedpress-responsive\" style=\"width:600px; height:550px; max-height:550px; max-width:100%; display:inline-block;\" data-embed-type=\"Facebook\"><iframe allowFullScreen=\"true\" class=\"embera-facebook-iframe-3d6d2 lazyload\" data-src=\"https:\/\/www.facebook.com\/plugins\/post.php?href=https%3A%2F%2Fwww.facebook.com%2Fmedia%2Fset%2F%3Fset%3Da.1417070471762305%26%23038%3Btype%3D1%26%23038%3Bl%3Dcd15bcbbf6&width=600&height=550&show_text=true\" width=\"600\" height=\"550\" style=\"border:none;overflow:hidden\" scrolling=\"no\" frameborder=\"0\" allowTransparency=\"true\" src=\"data:image\/svg+xml;base64,PHN2ZyB3aWR0aD0iMSIgaGVpZ2h0PSIxIiB4bWxucz0iaHR0cDovL3d3dy53My5vcmcvMjAwMC9zdmciPjwvc3ZnPg==\" data-load-mode=\"1\"><\/iframe><\/div><\/p>\n<p style=\"text-align: right;\"><em><strong>Reda\u00e7\u00e3o Cariri em A\u00e7\u00e3o<\/strong><\/em><\/p>\n","protected":false},"excerpt":{"rendered":"<p>A C\u00e2mara Municipal de Cara\u00fabas realizou na noite desta ter\u00e7a-feira (27), no plen\u00e1rio da C\u00e2mara Municipal uma sess\u00e3o solene para entregar do titulo de Cidadania&hellip; <\/p>\n","protected":false},"author":1,"featured_media":74662,"comment_status":"closed","ping_status":"closed","sticky":false,"template":"","format":"standard","meta":{"sfsi_plus_gutenberg_text_before_share":"","sfsi_plus_gutenberg_show_text_before_share":"","sfsi_plus_gutenberg_icon_type":"","sfsi_plus_gutenberg_icon_alignemt":"","sfsi_plus_gutenburg_max_per_row":"","footnotes":""},"categories":[50,2],"tags":[],"class_list":["post-74667","post","type-post","status-publish","format-standard","has-post-thumbnail","hentry","category-destaque","category-geral"],"_links":{"self":[{"href":"https:\/\/www.caririemacao.com\/1\/wp-json\/wp\/v2\/posts\/74667","targetHints":{"allow":["GET"]}}],"collection":[{"href":"https:\/\/www.caririemacao.com\/1\/wp-json\/wp\/v2\/posts"}],"about":[{"href":"https:\/\/www.caririemacao.com\/1\/wp-json\/wp\/v2\/types\/post"}],"author":[{"embeddable":true,"href":"https:\/\/www.caririemacao.com\/1\/wp-json\/wp\/v2\/users\/1"}],"replies":[{"embeddable":true,"href":"https:\/\/www.caririemacao.com\/1\/wp-json\/wp\/v2\/comments?post=74667"}],"version-history":[{"count":2,"href":"https:\/\/www.caririemacao.com\/1\/wp-json\/wp\/v2\/posts\/74667\/revisions"}],"predecessor-version":[{"id":74669,"href":"https:\/\/www.caririemacao.com\/1\/wp-json\/wp\/v2\/posts\/74667\/revisions\/74669"}],"wp:featuredmedia":[{"embeddable":true,"href":"https:\/\/www.caririemacao.com\/1\/wp-json\/wp\/v2\/media\/74662"}],"wp:attachment":[{"href":"https:\/\/www.caririemacao.com\/1\/wp-json\/wp\/v2\/media?parent=74667"}],"wp:term":[{"taxonomy":"category","embeddable":true,"href":"https:\/\/www.caririemacao.com\/1\/wp-json\/wp\/v2\/categories?post=74667"},{"taxonomy":"post_tag","embeddable":true,"href":"https:\/\/www.caririemacao.com\/1\/wp-json\/wp\/v2\/tags?post=74667"}],"curies":[{"name":"wp","href":"https:\/\/api.w.org\/{rel}","templated":true}]}}