{"id":74670,"date":"2018-11-28T15:27:05","date_gmt":"2018-11-28T18:27:05","guid":{"rendered":"http:\/\/www.caririemacao.com\/1\/?p=74670"},"modified":"2018-11-28T15:27:05","modified_gmt":"2018-11-28T18:27:05","slug":"camara-de-caraubas-realiza-41a-sessao-ordinaria-de-2018","status":"publish","type":"post","link":"https:\/\/www.caririemacao.com\/1\/2018\/11\/28\/camara-de-caraubas-realiza-41a-sessao-ordinaria-de-2018\/","title":{"rendered":"C\u00e2mara de Cara\u00fabas realiza 41\u00aa sess\u00e3o ordin\u00e1ria de 2018"},"content":{"rendered":"<p>A C\u00e2mara Municipal de Cara\u00fabas esteve reunida na noite desta ter\u00e7a-feira, dia 27, discutindo v\u00e1rios temas e aprovou votos de pesar.<\/p>\n<p><img fetchpriority=\"high\" decoding=\"async\" class=\"aligncenter wp-image-74671 size-full\" src=\"http:\/\/www.caririemacao.com\/1\/wp-content\/uploads\/2018\/11\/IMG_0026-20181128.jpg\" alt=\"\" width=\"1600\" height=\"1067\" srcset=\"https:\/\/www.caririemacao.com\/1\/wp-content\/uploads\/2018\/11\/IMG_0026-20181128.jpg 1600w, https:\/\/www.caririemacao.com\/1\/wp-content\/uploads\/2018\/11\/IMG_0026-20181128-300x200.jpg 300w, https:\/\/www.caririemacao.com\/1\/wp-content\/uploads\/2018\/11\/IMG_0026-20181128-768x512.jpg 768w, https:\/\/www.caririemacao.com\/1\/wp-content\/uploads\/2018\/11\/IMG_0026-20181128-1024x683.jpg 1024w\" sizes=\"(max-width: 1600px) 100vw, 1600px\" \/><\/p>\n<p>A vereadora Neide solicitou a reforma dos cemit\u00e9rios, localizados na sede do munic\u00edpio e no distrito de Barreiras, al\u00e9m de requerer a constru\u00e7\u00e3o de uma central de vel\u00f3rios em cada cemit\u00e9rio.<\/p>\n<p>Os vereadores tamb\u00e9m apresentaram votos de profundo pesar pelo falecimento de C\u00e9sar Queiroz, Floriano Florentino na Silva e Diego de Lima Ginu, falecidos no decorrer da semana no munic\u00edpio.<\/p>\n<p><img decoding=\"async\" class=\"aligncenter wp-image-74652 size-full lazyload\" data-src=\"http:\/\/www.caririemacao.com\/1\/wp-content\/uploads\/2018\/11\/IMG_0078-20181128.jpg\" alt=\"\" width=\"1600\" height=\"1067\" data-srcset=\"https:\/\/www.caririemacao.com\/1\/wp-content\/uploads\/2018\/11\/IMG_0078-20181128.jpg 1600w, https:\/\/www.caririemacao.com\/1\/wp-content\/uploads\/2018\/11\/IMG_0078-20181128-300x200.jpg 300w, https:\/\/www.caririemacao.com\/1\/wp-content\/uploads\/2018\/11\/IMG_0078-20181128-768x512.jpg 768w, https:\/\/www.caririemacao.com\/1\/wp-content\/uploads\/2018\/11\/IMG_0078-20181128-1024x683.jpg 1024w\" data-sizes=\"(max-width: 1600px) 100vw, 1600px\" src=\"data:image\/svg+xml;base64,PHN2ZyB3aWR0aD0iMSIgaGVpZ2h0PSIxIiB4bWxucz0iaHR0cDovL3d3dy53My5vcmcvMjAwMC9zdmciPjwvc3ZnPg==\" style=\"--smush-placeholder-width: 1600px; --smush-placeholder-aspect-ratio: 1600\/1067;\" \/><\/p>\n<p>O Parlamento caraubense recebeu o t\u00e9cnico de planejamento urbano, Norberto Gomes, que foi dar explica\u00e7\u00f5es sobre o projeto de lei que ir\u00e1 fazer altera\u00e7\u00f5es no c\u00f3digo tribut\u00e1rio do munic\u00edpio, resolvendo assim, um problema antigo da popula\u00e7\u00e3o com rela\u00e7\u00e3o \u00e0s constru\u00e7\u00f5es. O PL \u00e9 de autoria da Gest\u00e3o Municipal.<\/p>\n<p style=\"text-align: center;\"><a href=\"https:\/\/www.facebook.com\/pg\/CaririEmAcao\/photos\/?tab=album&amp;album_id=1417070471762305\"><strong>Veja Fotos_\u00a0Sess\u00e3o da C\u00e2mara de Vereadores de Cara\u00fabas<\/strong><\/a><\/p>\n<p><div class=\"ose- ose-uid-15b6dae46c1892741c5d9702c801b441 ose-embedpress-responsive\" style=\"width:600px; height:550px; max-height:550px; max-width:100%; display:inline-block;\" data-embed-type=\"Facebook\"><iframe allowFullScreen=\"true\" class=\"embera-facebook-iframe-3d6d2 lazyload\" data-src=\"https:\/\/www.facebook.com\/plugins\/post.php?href=https%3A%2F%2Fwww.facebook.com%2Fmedia%2Fset%2F%3Fset%3Da.1417070471762305%26%23038%3Btype%3D1%26%23038%3Bl%3Dcd15bcbbf6&width=600&height=550&show_text=true\" width=\"600\" height=\"550\" style=\"border:none;overflow:hidden\" scrolling=\"no\" frameborder=\"0\" allowTransparency=\"true\" src=\"data:image\/svg+xml;base64,PHN2ZyB3aWR0aD0iMSIgaGVpZ2h0PSIxIiB4bWxucz0iaHR0cDovL3d3dy53My5vcmcvMjAwMC9zdmciPjwvc3ZnPg==\" data-load-mode=\"1\"><\/iframe><\/div><\/p>\n<p style=\"text-align: right;\"><em><strong>Reda\u00e7\u00e3o Cariri em A\u00e7\u00e3o<\/strong><\/em><\/p>\n","protected":false},"excerpt":{"rendered":"<p>A C\u00e2mara Municipal de Cara\u00fabas esteve reunida na noite desta ter\u00e7a-feira, dia 27, discutindo v\u00e1rios temas e aprovou votos de pesar. A vereadora Neide solicitou&hellip; <\/p>\n","protected":false},"author":1,"featured_media":74653,"comment_status":"closed","ping_status":"closed","sticky":false,"template":"","format":"standard","meta":{"sfsi_plus_gutenberg_text_before_share":"","sfsi_plus_gutenberg_show_text_before_share":"","sfsi_plus_gutenberg_icon_type":"","sfsi_plus_gutenberg_icon_alignemt":"","sfsi_plus_gutenburg_max_per_row":"","footnotes":""},"categories":[11],"tags":[],"class_list":["post-74670","post","type-post","status-publish","format-standard","has-post-thumbnail","hentry","category-politica"],"_links":{"self":[{"href":"https:\/\/www.caririemacao.com\/1\/wp-json\/wp\/v2\/posts\/74670","targetHints":{"allow":["GET"]}}],"collection":[{"href":"https:\/\/www.caririemacao.com\/1\/wp-json\/wp\/v2\/posts"}],"about":[{"href":"https:\/\/www.caririemacao.com\/1\/wp-json\/wp\/v2\/types\/post"}],"author":[{"embeddable":true,"href":"https:\/\/www.caririemacao.com\/1\/wp-json\/wp\/v2\/users\/1"}],"replies":[{"embeddable":true,"href":"https:\/\/www.caririemacao.com\/1\/wp-json\/wp\/v2\/comments?post=74670"}],"version-history":[{"count":1,"href":"https:\/\/www.caririemacao.com\/1\/wp-json\/wp\/v2\/posts\/74670\/revisions"}],"predecessor-version":[{"id":74672,"href":"https:\/\/www.caririemacao.com\/1\/wp-json\/wp\/v2\/posts\/74670\/revisions\/74672"}],"wp:featuredmedia":[{"embeddable":true,"href":"https:\/\/www.caririemacao.com\/1\/wp-json\/wp\/v2\/media\/74653"}],"wp:attachment":[{"href":"https:\/\/www.caririemacao.com\/1\/wp-json\/wp\/v2\/media?parent=74670"}],"wp:term":[{"taxonomy":"category","embeddable":true,"href":"https:\/\/www.caririemacao.com\/1\/wp-json\/wp\/v2\/categories?post=74670"},{"taxonomy":"post_tag","embeddable":true,"href":"https:\/\/www.caririemacao.com\/1\/wp-json\/wp\/v2\/tags?post=74670"}],"curies":[{"name":"wp","href":"https:\/\/api.w.org\/{rel}","templated":true}]}}