{"id":74683,"date":"2018-11-29T07:26:31","date_gmt":"2018-11-29T10:26:31","guid":{"rendered":"http:\/\/www.caririemacao.com\/1\/?p=74683"},"modified":"2019-04-30T15:59:25","modified_gmt":"2019-04-30T18:59:25","slug":"policia-prende-suspeitos-de-participarem-da-morte-de-secretario-de-parari","status":"publish","type":"post","link":"https:\/\/www.caririemacao.com\/1\/2018\/11\/29\/policia-prende-suspeitos-de-participarem-da-morte-de-secretario-de-parari\/","title":{"rendered":"Pol\u00edcia prende suspeitos de participarem da morte de secret\u00e1rio de Parari"},"content":{"rendered":"<p>A Pol\u00edcia prendeu na noite desta quarta-feira (28), dois suspeitos de participarem da morte do secret\u00e1rio de infraestrutura de Parari. Andrian\u00f4nio foi assassinado na manh\u00e3 de ontem com um tiro na cabe\u00e7a em frente ao mercado p\u00fablico da cidade.<\/p>\n<p>A pris\u00e3o dos suspeitos aconteceu ap\u00f3s um cerco policial no S\u00edtio Pipa, em Santo Andr\u00e9, na Para\u00edba.<\/p>\n<p>Os suspeitos estavam dentro de uma resid\u00eancia, mas ao perceber a chegada da Pol\u00edcia, eles fugiram para dentro de um matagal, sendo apreendidos logo em seguida. Um terceiro homem foi detido mas liberado.<\/p>\n<p>A pol\u00edcia encontrou um carro e uma motocicleta. Tamb\u00e9m foi encontrado dentro do ve\u00edculo pertences pessoais.<\/p>\n<figure><img decoding=\"async\" data-src=\"https:\/\/www.clickpb.com.br\/media\/filer_public\/ed\/5f\/ed5fda06-cc62-40c4-b993-e5ac9d12f812\/img-20181129-wa0004.jpg\" data-image=\"107912\" src=\"data:image\/svg+xml;base64,PHN2ZyB3aWR0aD0iMSIgaGVpZ2h0PSIxIiB4bWxucz0iaHR0cDovL3d3dy53My5vcmcvMjAwMC9zdmciPjwvc3ZnPg==\" class=\"lazyload\" \/><\/figure>\n<figure><img decoding=\"async\" data-src=\"https:\/\/www.clickpb.com.br\/media\/filer_public\/71\/ec\/71ece5b7-3ef3-40c9-91c5-275fbb2188f0\/img-20181129-wa0003.jpg\" data-image=\"107913\" src=\"data:image\/svg+xml;base64,PHN2ZyB3aWR0aD0iMSIgaGVpZ2h0PSIxIiB4bWxucz0iaHR0cDovL3d3dy53My5vcmcvMjAwMC9zdmciPjwvc3ZnPg==\" class=\"lazyload\" \/><\/figure>\n<p>Uma espingarda e quatro muni\u00e7\u00f5es intactas foram apreendidas.\u00a0Os suspeitos foram encaminhados para a Delegacia de Pol\u00edcia Civil de Serra Branca.<\/p>\n<p>O corpo de\u00a0Adriant\u00f4nio Cavalcante\u00a0ser\u00e1 velado a partir das 8h da manh\u00e3 desta quinta-feira (29) no clube municipal. J\u00e1 o\u00a0sepultamento est\u00e1 previsto para ocorrer \u00e0s 16h, no cemit\u00e9rio da cidade.<\/p>\n<p><strong>Com Emanuel Costa<\/strong><\/p>\n","protected":false},"excerpt":{"rendered":"<p>A Pol\u00edcia prendeu na noite desta quarta-feira (28), dois suspeitos de participarem da morte do secret\u00e1rio de infraestrutura de Parari. Andrian\u00f4nio foi assassinado na manh\u00e3&hellip; <\/p>\n","protected":false},"author":1,"featured_media":74684,"comment_status":"closed","ping_status":"closed","sticky":false,"template":"","format":"standard","meta":{"sfsi_plus_gutenberg_text_before_share":"","sfsi_plus_gutenberg_show_text_before_share":"","sfsi_plus_gutenberg_icon_type":"","sfsi_plus_gutenberg_icon_alignemt":"","sfsi_plus_gutenburg_max_per_row":"","footnotes":""},"categories":[12],"tags":[],"class_list":["post-74683","post","type-post","status-publish","format-standard","has-post-thumbnail","hentry","category-policia"],"_links":{"self":[{"href":"https:\/\/www.caririemacao.com\/1\/wp-json\/wp\/v2\/posts\/74683","targetHints":{"allow":["GET"]}}],"collection":[{"href":"https:\/\/www.caririemacao.com\/1\/wp-json\/wp\/v2\/posts"}],"about":[{"href":"https:\/\/www.caririemacao.com\/1\/wp-json\/wp\/v2\/types\/post"}],"author":[{"embeddable":true,"href":"https:\/\/www.caririemacao.com\/1\/wp-json\/wp\/v2\/users\/1"}],"replies":[{"embeddable":true,"href":"https:\/\/www.caririemacao.com\/1\/wp-json\/wp\/v2\/comments?post=74683"}],"version-history":[{"count":2,"href":"https:\/\/www.caririemacao.com\/1\/wp-json\/wp\/v2\/posts\/74683\/revisions"}],"predecessor-version":[{"id":93540,"href":"https:\/\/www.caririemacao.com\/1\/wp-json\/wp\/v2\/posts\/74683\/revisions\/93540"}],"wp:featuredmedia":[{"embeddable":true,"href":"https:\/\/www.caririemacao.com\/1\/wp-json\/wp\/v2\/media\/74684"}],"wp:attachment":[{"href":"https:\/\/www.caririemacao.com\/1\/wp-json\/wp\/v2\/media?parent=74683"}],"wp:term":[{"taxonomy":"category","embeddable":true,"href":"https:\/\/www.caririemacao.com\/1\/wp-json\/wp\/v2\/categories?post=74683"},{"taxonomy":"post_tag","embeddable":true,"href":"https:\/\/www.caririemacao.com\/1\/wp-json\/wp\/v2\/tags?post=74683"}],"curies":[{"name":"wp","href":"https:\/\/api.w.org\/{rel}","templated":true}]}}