{"id":74686,"date":"2018-11-29T07:30:49","date_gmt":"2018-11-29T10:30:49","guid":{"rendered":"http:\/\/www.caririemacao.com\/1\/?p=74686"},"modified":"2018-11-29T07:30:49","modified_gmt":"2018-11-29T10:30:49","slug":"temer-elogia-escolha-de-osmar-terra-para-ministerio-da-cidadania","status":"publish","type":"post","link":"https:\/\/www.caririemacao.com\/1\/2018\/11\/29\/temer-elogia-escolha-de-osmar-terra-para-ministerio-da-cidadania\/","title":{"rendered":"Temer elogia escolha de Osmar Terra para Minist\u00e9rio da Cidadania"},"content":{"rendered":"<p>O presidente Michel Temer elogiou a escolha do presidente eleito Jair Bolsonaro de colocar o deputado federal Osmar Terra (MDB-RS) \u00e0 frente da nova pasta de Cidadania. Terra foi ministro do Desenvolvimento Social do governo Temer entre 2016 e abril deste ano, quando retornou \u00e0 C\u00e2mara para concorrer a um novo mandato parlamentar, para o qual foi reeleito em outubro.<\/p>\n<p>&#8220;Osmar Terra fez um belo trabalho no meu governo. Continuar\u00e1 no governo Bolsonaro. Bela escolha&#8221;, escreveu Temer em seu perfil pessoal do Twitter. A partir de janeiro, o deputado vai comandar as atribui\u00e7\u00f5es atuais da pasta de Desenvolvimento Social e ser\u00e1 respons\u00e1vel por agregar as estruturas dos minist\u00e9rios da Cultura e dos Esportes.<\/p>\n<p>No \u00faltimo fim de semana, o presidente eleito disse que submeter\u00e1 os programas sociais do governo a auditorias. Osmar Terra disse que, al\u00e9m de dar continuidade ao pente-fino no Bolsa Fam\u00edlia, o programa vai garantir a 13\u00aa parcela do benef\u00edcio a partir do pr\u00f3ximo ano.<\/p>\n<p>&nbsp;<\/p>\n<p>Ag\u00eancia Brasil<\/p>\n","protected":false},"excerpt":{"rendered":"<p>O presidente Michel Temer elogiou a escolha do presidente eleito Jair Bolsonaro de colocar o deputado federal Osmar Terra (MDB-RS) \u00e0 frente da nova pasta&hellip; <\/p>\n","protected":false},"author":1,"featured_media":38406,"comment_status":"closed","ping_status":"closed","sticky":false,"template":"","format":"standard","meta":{"sfsi_plus_gutenberg_text_before_share":"","sfsi_plus_gutenberg_show_text_before_share":"","sfsi_plus_gutenberg_icon_type":"","sfsi_plus_gutenberg_icon_alignemt":"","sfsi_plus_gutenburg_max_per_row":"","footnotes":""},"categories":[11],"tags":[],"class_list":["post-74686","post","type-post","status-publish","format-standard","has-post-thumbnail","hentry","category-politica"],"_links":{"self":[{"href":"https:\/\/www.caririemacao.com\/1\/wp-json\/wp\/v2\/posts\/74686","targetHints":{"allow":["GET"]}}],"collection":[{"href":"https:\/\/www.caririemacao.com\/1\/wp-json\/wp\/v2\/posts"}],"about":[{"href":"https:\/\/www.caririemacao.com\/1\/wp-json\/wp\/v2\/types\/post"}],"author":[{"embeddable":true,"href":"https:\/\/www.caririemacao.com\/1\/wp-json\/wp\/v2\/users\/1"}],"replies":[{"embeddable":true,"href":"https:\/\/www.caririemacao.com\/1\/wp-json\/wp\/v2\/comments?post=74686"}],"version-history":[{"count":1,"href":"https:\/\/www.caririemacao.com\/1\/wp-json\/wp\/v2\/posts\/74686\/revisions"}],"predecessor-version":[{"id":74687,"href":"https:\/\/www.caririemacao.com\/1\/wp-json\/wp\/v2\/posts\/74686\/revisions\/74687"}],"wp:featuredmedia":[{"embeddable":true,"href":"https:\/\/www.caririemacao.com\/1\/wp-json\/wp\/v2\/media\/38406"}],"wp:attachment":[{"href":"https:\/\/www.caririemacao.com\/1\/wp-json\/wp\/v2\/media?parent=74686"}],"wp:term":[{"taxonomy":"category","embeddable":true,"href":"https:\/\/www.caririemacao.com\/1\/wp-json\/wp\/v2\/categories?post=74686"},{"taxonomy":"post_tag","embeddable":true,"href":"https:\/\/www.caririemacao.com\/1\/wp-json\/wp\/v2\/tags?post=74686"}],"curies":[{"name":"wp","href":"https:\/\/api.w.org\/{rel}","templated":true}]}}