{"id":74688,"date":"2018-11-29T07:38:26","date_gmt":"2018-11-29T10:38:26","guid":{"rendered":"http:\/\/www.caririemacao.com\/1\/?p=74688"},"modified":"2018-11-29T07:38:26","modified_gmt":"2018-11-29T10:38:26","slug":"bolsonaro-indica-deputado-mais-votado-de-minas-para-o-ministerio-do-turismo","status":"publish","type":"post","link":"https:\/\/www.caririemacao.com\/1\/2018\/11\/29\/bolsonaro-indica-deputado-mais-votado-de-minas-para-o-ministerio-do-turismo\/","title":{"rendered":"Bolsonaro indica deputado mais votado de Minas para o Minist\u00e9rio do Turismo"},"content":{"rendered":"<p>O ministro extraordin\u00e1rio da transi\u00e7\u00e3o, Onyx Lorenzoni, anunciou na tarde de hoje (28) que o deputado federal Marcelo \u00c1lvaro Ant\u00f4nio (PSL) ser\u00e1 ministro do Turismo no governo de Jair Bolsonaro. O an\u00fancio foi feito ao lado do presidente eleito, no momento em que ele deixava a sede do Centro Cultural Banco do Brasil (CCBB), para retornar ao Rio der Janeiro.<\/p>\n<p>Marcelo \u00c1lvaro est\u00e1 no segundo mandato e foi o deputado mais votado de Minas Gerais nas \u00faltimas elei\u00e7\u00f5es, com mais de 230 mil votos. Ele integra a frente parlamentar evang\u00e9lica no Congresso. \u00c9 o segundo ministro filiado ao PSL, partido do presidente eleito, no governo. O primeiro \u00e9 Gustavo Bebianno, indicado para ministro da Secretaria-Geral da Presid\u00eancia.<\/p>\n<p>O futuro ministro do Turismo j\u00e1 foi filiado ao PRP, MDB, PR e, neste ano, se transferiu para o PSL, partido que ele preside em Minas Gerais.<\/p>\n<p>\u201cO presidente sempre defendeu que no Brasil o governo tivesse um olhar especial para o turismo, por conta da possibilidade de gera\u00e7\u00e3o de emprego e renda, e para que o pa\u00eds pudesse desenvolver esse c\u00edrculo de com\u00e9rcio t\u00e3o venturoso, como a Espanha, pa\u00edses asi\u00e1ticos e tantos outros\u201d, disse Lorenzoni, ao confirmar a indica\u00e7\u00e3o.<\/p>\n<p>Segundo ele, Marcelo Ant\u00f4nio recebeu o apoio de todo o segmento empresarial do setor no pa\u00eds, al\u00e9m da Frente Parlamentar em Defesa do Turismo.<\/p>\n<p>Ag\u00eancia Brasil<\/p>\n","protected":false},"excerpt":{"rendered":"<p>O ministro extraordin\u00e1rio da transi\u00e7\u00e3o, Onyx Lorenzoni, anunciou na tarde de hoje (28) que o deputado federal Marcelo \u00c1lvaro Ant\u00f4nio (PSL) ser\u00e1 ministro do Turismo&hellip; <\/p>\n","protected":false},"author":1,"featured_media":74689,"comment_status":"closed","ping_status":"closed","sticky":false,"template":"","format":"standard","meta":{"sfsi_plus_gutenberg_text_before_share":"","sfsi_plus_gutenberg_show_text_before_share":"","sfsi_plus_gutenberg_icon_type":"","sfsi_plus_gutenberg_icon_alignemt":"","sfsi_plus_gutenburg_max_per_row":"","footnotes":""},"categories":[11],"tags":[],"class_list":["post-74688","post","type-post","status-publish","format-standard","has-post-thumbnail","hentry","category-politica"],"_links":{"self":[{"href":"https:\/\/www.caririemacao.com\/1\/wp-json\/wp\/v2\/posts\/74688","targetHints":{"allow":["GET"]}}],"collection":[{"href":"https:\/\/www.caririemacao.com\/1\/wp-json\/wp\/v2\/posts"}],"about":[{"href":"https:\/\/www.caririemacao.com\/1\/wp-json\/wp\/v2\/types\/post"}],"author":[{"embeddable":true,"href":"https:\/\/www.caririemacao.com\/1\/wp-json\/wp\/v2\/users\/1"}],"replies":[{"embeddable":true,"href":"https:\/\/www.caririemacao.com\/1\/wp-json\/wp\/v2\/comments?post=74688"}],"version-history":[{"count":1,"href":"https:\/\/www.caririemacao.com\/1\/wp-json\/wp\/v2\/posts\/74688\/revisions"}],"predecessor-version":[{"id":74690,"href":"https:\/\/www.caririemacao.com\/1\/wp-json\/wp\/v2\/posts\/74688\/revisions\/74690"}],"wp:featuredmedia":[{"embeddable":true,"href":"https:\/\/www.caririemacao.com\/1\/wp-json\/wp\/v2\/media\/74689"}],"wp:attachment":[{"href":"https:\/\/www.caririemacao.com\/1\/wp-json\/wp\/v2\/media?parent=74688"}],"wp:term":[{"taxonomy":"category","embeddable":true,"href":"https:\/\/www.caririemacao.com\/1\/wp-json\/wp\/v2\/categories?post=74688"},{"taxonomy":"post_tag","embeddable":true,"href":"https:\/\/www.caririemacao.com\/1\/wp-json\/wp\/v2\/tags?post=74688"}],"curies":[{"name":"wp","href":"https:\/\/api.w.org\/{rel}","templated":true}]}}