{"id":74696,"date":"2018-11-29T09:52:35","date_gmt":"2018-11-29T12:52:35","guid":{"rendered":"http:\/\/www.caririemacao.com\/1\/?p=74696"},"modified":"2018-11-29T09:52:35","modified_gmt":"2018-11-29T12:52:35","slug":"adailsinho-reivindica-melhorias-para-a-escola-juarez-maracaja-em-gurjao","status":"publish","type":"post","link":"https:\/\/www.caririemacao.com\/1\/2018\/11\/29\/adailsinho-reivindica-melhorias-para-a-escola-juarez-maracaja-em-gurjao\/","title":{"rendered":"Adailsinho reivindica melhorias para a Escola Juarez Maracaj\u00e1 em Gurj\u00e3o"},"content":{"rendered":"<p>Ao lado da diretora da Escola Estadual Juarez Maracaj\u00e1, Ana Lu\u00edza, o vereador e presidente da C\u00e2mara de Gurj\u00e3o, Adailsinho Queiroz, esteve na Secretaria Estadual de Educa\u00e7\u00e3o para reivindicar melhorias para a Escola Juarez Maracaj\u00e1.<\/p>\n<p>Adailsinho e Ana Lu\u00edza estiveram reunidos com o secretario executivo de Educa\u00e7\u00e3o da Para\u00edba, Artur Viana, apresentando uma s\u00e9rie de demandas do educand\u00e1rio.<\/p>\n<p>Na pauta, constaram pedido para padroniza\u00e7\u00e3o da escola para tornar-se em breve uma escola integral cidad\u00e3, entre os pedidos, estavam a reforma e amplia\u00e7\u00e3o da escola, incluindo pintura, muro, constru\u00e7\u00e3o de audit\u00f3rio, quadra, refeit\u00f3rio, reforma dos banheiros e troca dos m\u00f3veis.<\/p>\n<p>\u201cEstivemos na secretaria dizendo que a instala\u00e7\u00e3o da escola est\u00e1 necessitando de uma reforma e uma moderniza\u00e7\u00e3o. Essas a\u00e7\u00f5es apontadas por n\u00f3s ir\u00e1 melhorias a estrutura da escola e consequentemente a qualidade do ensino aos novos jovens de Gurj\u00e3o\u201d, justificou Adailsinho.<\/p>\n<p>&nbsp;<\/p>\n","protected":false},"excerpt":{"rendered":"<p>Ao lado da diretora da Escola Estadual Juarez Maracaj\u00e1, Ana Lu\u00edza, o vereador e presidente da C\u00e2mara de Gurj\u00e3o, Adailsinho Queiroz, esteve na Secretaria Estadual&hellip; <\/p>\n","protected":false},"author":2,"featured_media":74697,"comment_status":"closed","ping_status":"closed","sticky":false,"template":"","format":"standard","meta":{"sfsi_plus_gutenberg_text_before_share":"","sfsi_plus_gutenberg_show_text_before_share":"","sfsi_plus_gutenberg_icon_type":"","sfsi_plus_gutenberg_icon_alignemt":"","sfsi_plus_gutenburg_max_per_row":"","footnotes":""},"categories":[11],"tags":[],"class_list":["post-74696","post","type-post","status-publish","format-standard","has-post-thumbnail","hentry","category-politica"],"_links":{"self":[{"href":"https:\/\/www.caririemacao.com\/1\/wp-json\/wp\/v2\/posts\/74696","targetHints":{"allow":["GET"]}}],"collection":[{"href":"https:\/\/www.caririemacao.com\/1\/wp-json\/wp\/v2\/posts"}],"about":[{"href":"https:\/\/www.caririemacao.com\/1\/wp-json\/wp\/v2\/types\/post"}],"author":[{"embeddable":true,"href":"https:\/\/www.caririemacao.com\/1\/wp-json\/wp\/v2\/users\/2"}],"replies":[{"embeddable":true,"href":"https:\/\/www.caririemacao.com\/1\/wp-json\/wp\/v2\/comments?post=74696"}],"version-history":[{"count":1,"href":"https:\/\/www.caririemacao.com\/1\/wp-json\/wp\/v2\/posts\/74696\/revisions"}],"predecessor-version":[{"id":74698,"href":"https:\/\/www.caririemacao.com\/1\/wp-json\/wp\/v2\/posts\/74696\/revisions\/74698"}],"wp:featuredmedia":[{"embeddable":true,"href":"https:\/\/www.caririemacao.com\/1\/wp-json\/wp\/v2\/media\/74697"}],"wp:attachment":[{"href":"https:\/\/www.caririemacao.com\/1\/wp-json\/wp\/v2\/media?parent=74696"}],"wp:term":[{"taxonomy":"category","embeddable":true,"href":"https:\/\/www.caririemacao.com\/1\/wp-json\/wp\/v2\/categories?post=74696"},{"taxonomy":"post_tag","embeddable":true,"href":"https:\/\/www.caririemacao.com\/1\/wp-json\/wp\/v2\/tags?post=74696"}],"curies":[{"name":"wp","href":"https:\/\/api.w.org\/{rel}","templated":true}]}}