{"id":74703,"date":"2018-11-29T12:29:27","date_gmt":"2018-11-29T15:29:27","guid":{"rendered":"http:\/\/www.caririemacao.com\/1\/?p=74703"},"modified":"2018-12-04T15:32:17","modified_gmt":"2018-12-04T18:32:17","slug":"prefeito-eden-duarte-inaugura-bonita-e-moderna-parada-de-transporte-coletivo-em-sume","status":"publish","type":"post","link":"https:\/\/www.caririemacao.com\/1\/2018\/11\/29\/prefeito-eden-duarte-inaugura-bonita-e-moderna-parada-de-transporte-coletivo-em-sume\/","title":{"rendered":"Prefeito \u00c9den Duarte inaugura bonita e moderna parada de transporte coletivo em Sum\u00e9"},"content":{"rendered":"<p style=\"font-weight: 400;\">O prefeito \u00c9den Duarte inaugurou na noite de ter\u00e7a-feira (28), o ponto de transporte coletivo na entrada da cidade, \u00e0s margens da BR 412, no bairro do Pedregal. Esta \u00e9 mais uma obra conclu\u00edda pelo prefeito \u00c9den que faz parte do seu plano de governo.<\/p>\n<p><img fetchpriority=\"high\" decoding=\"async\" class=\"aligncenter wp-image-75369 size-full\" src=\"http:\/\/www.caririemacao.com\/1\/wp-content\/uploads\/2018\/11\/47135652_1417672795035406_949581397578743808_n.jpg\" alt=\"\" width=\"960\" height=\"640\" srcset=\"https:\/\/www.caririemacao.com\/1\/wp-content\/uploads\/2018\/11\/47135652_1417672795035406_949581397578743808_n.jpg 960w, https:\/\/www.caririemacao.com\/1\/wp-content\/uploads\/2018\/11\/47135652_1417672795035406_949581397578743808_n-300x200.jpg 300w, https:\/\/www.caririemacao.com\/1\/wp-content\/uploads\/2018\/11\/47135652_1417672795035406_949581397578743808_n-768x512.jpg 768w\" sizes=\"(max-width: 960px) 100vw, 960px\" \/><\/p>\n<p style=\"font-weight: 400;\">A constru\u00e7\u00e3o da parada foi idealizada pelo prefeito \u00c9den Duarte e pelo vereador Branco Xiliu, este que foi o autor da propositura apresentada na C\u00e2mara de Vereadores para que a prefeitura constru\u00edsse um ponto no local que h\u00e1 muitos anos servia como refer\u00eancia para transportes coletivos e de carona.<\/p>\n<p><img decoding=\"async\" class=\"aligncenter wp-image-75367 size-full lazyload\" data-src=\"http:\/\/www.caririemacao.com\/1\/wp-content\/uploads\/2018\/11\/Branco.jpg\" alt=\"\" width=\"960\" height=\"640\" data-srcset=\"https:\/\/www.caririemacao.com\/1\/wp-content\/uploads\/2018\/11\/Branco.jpg 960w, https:\/\/www.caririemacao.com\/1\/wp-content\/uploads\/2018\/11\/Branco-300x200.jpg 300w, https:\/\/www.caririemacao.com\/1\/wp-content\/uploads\/2018\/11\/Branco-768x512.jpg 768w\" data-sizes=\"(max-width: 960px) 100vw, 960px\" src=\"data:image\/svg+xml;base64,PHN2ZyB3aWR0aD0iMSIgaGVpZ2h0PSIxIiB4bWxucz0iaHR0cDovL3d3dy53My5vcmcvMjAwMC9zdmciPjwvc3ZnPg==\" style=\"--smush-placeholder-width: 960px; --smush-placeholder-aspect-ratio: 960\/640;\" \/><\/p>\n<p style=\"font-weight: 400;\">A obra foi desenhada por arquitetos e constru\u00edda em alvenaria, estrutura met\u00e1lica e acabamento em placas ACM. Os passageiros agora ter\u00e3o um ponto protegidos do sol, da chuva, com ilumina\u00e7\u00e3o, seguran\u00e7a e conforto.<\/p>\n<p><img decoding=\"async\" class=\"aligncenter wp-image-75366 size-full lazyload\" data-src=\"http:\/\/www.caririemacao.com\/1\/wp-content\/uploads\/2018\/11\/47240933_1417670455035640_5305687570217172992_n.jpg\" alt=\"\" width=\"960\" height=\"640\" data-srcset=\"https:\/\/www.caririemacao.com\/1\/wp-content\/uploads\/2018\/11\/47240933_1417670455035640_5305687570217172992_n.jpg 960w, https:\/\/www.caririemacao.com\/1\/wp-content\/uploads\/2018\/11\/47240933_1417670455035640_5305687570217172992_n-300x200.jpg 300w, https:\/\/www.caririemacao.com\/1\/wp-content\/uploads\/2018\/11\/47240933_1417670455035640_5305687570217172992_n-768x512.jpg 768w\" data-sizes=\"(max-width: 960px) 100vw, 960px\" src=\"data:image\/svg+xml;base64,PHN2ZyB3aWR0aD0iMSIgaGVpZ2h0PSIxIiB4bWxucz0iaHR0cDovL3d3dy53My5vcmcvMjAwMC9zdmciPjwvc3ZnPg==\" style=\"--smush-placeholder-width: 960px; --smush-placeholder-aspect-ratio: 960\/640;\" \/><\/p>\n<p style=\"font-weight: 400;\">O prefeito \u00c9den declarou que entrega a obra com muita satisfa\u00e7\u00e3o, dando o exemplo de que ele mesmo, por muitos anos, quando era estudante, utilizava o local para esperar \u00f4nibus e at\u00e9 mesmo caronas.<\/p>\n<p><img decoding=\"async\" class=\"aligncenter wp-image-75370 size-full lazyload\" data-src=\"http:\/\/www.caririemacao.com\/1\/wp-content\/uploads\/2018\/11\/47071665_1417670421702310_6855809501489004544_n.jpg\" alt=\"\" width=\"960\" height=\"640\" data-srcset=\"https:\/\/www.caririemacao.com\/1\/wp-content\/uploads\/2018\/11\/47071665_1417670421702310_6855809501489004544_n.jpg 960w, https:\/\/www.caririemacao.com\/1\/wp-content\/uploads\/2018\/11\/47071665_1417670421702310_6855809501489004544_n-300x200.jpg 300w, https:\/\/www.caririemacao.com\/1\/wp-content\/uploads\/2018\/11\/47071665_1417670421702310_6855809501489004544_n-768x512.jpg 768w\" data-sizes=\"(max-width: 960px) 100vw, 960px\" src=\"data:image\/svg+xml;base64,PHN2ZyB3aWR0aD0iMSIgaGVpZ2h0PSIxIiB4bWxucz0iaHR0cDovL3d3dy53My5vcmcvMjAwMC9zdmciPjwvc3ZnPg==\" style=\"--smush-placeholder-width: 960px; --smush-placeholder-aspect-ratio: 960\/640;\" \/><\/p>\n<p style=\"font-weight: 400;\">Por estar localizado na entrada da cidade e como um ponto estrat\u00e9gico na BR 412, \u00c9den disse que era preciso fazer uma obra moderna, com conforto e seguran\u00e7a para a comunidade. Ele falou que at\u00e9 mesmo durante a constru\u00e7\u00e3o, muitas pessoas que passavam pelo local j\u00e1 paravam para fotografar, at\u00e9 mesmo para que sirva de modelo a ser copiado para outras cidades.<\/p>\n<p><img decoding=\"async\" class=\"aligncenter wp-image-75371 size-full lazyload\" data-src=\"http:\/\/www.caririemacao.com\/1\/wp-content\/uploads\/2018\/11\/47107552_1417671668368852_4645565897279275008_n.jpg\" alt=\"\" width=\"960\" height=\"640\" data-srcset=\"https:\/\/www.caririemacao.com\/1\/wp-content\/uploads\/2018\/11\/47107552_1417671668368852_4645565897279275008_n.jpg 960w, https:\/\/www.caririemacao.com\/1\/wp-content\/uploads\/2018\/11\/47107552_1417671668368852_4645565897279275008_n-300x200.jpg 300w, https:\/\/www.caririemacao.com\/1\/wp-content\/uploads\/2018\/11\/47107552_1417671668368852_4645565897279275008_n-768x512.jpg 768w\" data-sizes=\"(max-width: 960px) 100vw, 960px\" src=\"data:image\/svg+xml;base64,PHN2ZyB3aWR0aD0iMSIgaGVpZ2h0PSIxIiB4bWxucz0iaHR0cDovL3d3dy53My5vcmcvMjAwMC9zdmciPjwvc3ZnPg==\" style=\"--smush-placeholder-width: 960px; --smush-placeholder-aspect-ratio: 960\/640;\" \/><\/p>\n<p style=\"font-weight: 400;\">Na solenidade estavam tamb\u00e9m presentes o vice-prefeito Dr\u00f3, os vereadores Jos\u00e9 Ant\u00f4nio, Br\u00edgida Xavier, Sabugo, Daniel L\u00eala e Ant\u00f4nio Carlos Sarmento. Os secret\u00e1rios municipais, Isca Viana (Obras), Tanniery L\u00eala (Assist\u00eancia Social), Alessandra Regina (Sa\u00fade) e Odilon Ara\u00fajo (Educa\u00e7\u00e3o).<\/p>\n<p style=\"font-weight: 400;\">Tamb\u00e9m compareceram populares, motoristas de transporte alternativo, mototaxistas e servidores da Prefeitura de Sum\u00e9.<\/p>\n<h1><a href=\"https:\/\/www.facebook.com\/pg\/CaririEmAcao\/photos\/?tab=album&amp;album_id=1417668901702462\">Veja fotos\u00a0<\/a><\/h1>\n<p><div class=\"ose- ose-uid-c8a7077e05a5b8d7be8fb65ac15515a0 ose-embedpress-responsive\" style=\"width:600px; height:550px; max-height:550px; max-width:100%; display:inline-block;\" data-embed-type=\"Facebook\"><iframe allowFullScreen=\"true\" class=\"embera-facebook-iframe-92cc7 lazyload\" data-src=\"https:\/\/www.facebook.com\/plugins\/post.php?href=https%3A%2F%2Fwww.facebook.com%2Fmedia%2Fset%2F%3Fset%3Da.1417668901702462%26%23038%3Btype%3D1%26%23038%3Bl%3De291c89802&width=600&height=550&show_text=true\" width=\"600\" height=\"550\" style=\"border:none;overflow:hidden\" scrolling=\"no\" frameborder=\"0\" allowTransparency=\"true\" src=\"data:image\/svg+xml;base64,PHN2ZyB3aWR0aD0iMSIgaGVpZ2h0PSIxIiB4bWxucz0iaHR0cDovL3d3dy53My5vcmcvMjAwMC9zdmciPjwvc3ZnPg==\" data-load-mode=\"1\"><\/iframe><\/div><\/p>\n<p style=\"font-weight: 400; text-align: right;\"><em><strong>Ascom PMS\/Fotos: Cariri em A\u00e7\u00e3o\u00a0<\/strong><\/em><\/p>\n","protected":false},"excerpt":{"rendered":"<p>O prefeito \u00c9den Duarte inaugurou na noite de ter\u00e7a-feira (28), o ponto de transporte coletivo na entrada da cidade, \u00e0s margens da BR 412, no&hellip; <\/p>\n","protected":false},"author":1,"featured_media":74704,"comment_status":"closed","ping_status":"closed","sticky":false,"template":"","format":"standard","meta":{"sfsi_plus_gutenberg_text_before_share":"","sfsi_plus_gutenberg_show_text_before_share":"","sfsi_plus_gutenberg_icon_type":"","sfsi_plus_gutenberg_icon_alignemt":"","sfsi_plus_gutenburg_max_per_row":"","footnotes":""},"categories":[6],"tags":[],"class_list":["post-74703","post","type-post","status-publish","format-standard","has-post-thumbnail","hentry","category-cidades"],"_links":{"self":[{"href":"https:\/\/www.caririemacao.com\/1\/wp-json\/wp\/v2\/posts\/74703","targetHints":{"allow":["GET"]}}],"collection":[{"href":"https:\/\/www.caririemacao.com\/1\/wp-json\/wp\/v2\/posts"}],"about":[{"href":"https:\/\/www.caririemacao.com\/1\/wp-json\/wp\/v2\/types\/post"}],"author":[{"embeddable":true,"href":"https:\/\/www.caririemacao.com\/1\/wp-json\/wp\/v2\/users\/1"}],"replies":[{"embeddable":true,"href":"https:\/\/www.caririemacao.com\/1\/wp-json\/wp\/v2\/comments?post=74703"}],"version-history":[{"count":3,"href":"https:\/\/www.caririemacao.com\/1\/wp-json\/wp\/v2\/posts\/74703\/revisions"}],"predecessor-version":[{"id":75373,"href":"https:\/\/www.caririemacao.com\/1\/wp-json\/wp\/v2\/posts\/74703\/revisions\/75373"}],"wp:featuredmedia":[{"embeddable":true,"href":"https:\/\/www.caririemacao.com\/1\/wp-json\/wp\/v2\/media\/74704"}],"wp:attachment":[{"href":"https:\/\/www.caririemacao.com\/1\/wp-json\/wp\/v2\/media?parent=74703"}],"wp:term":[{"taxonomy":"category","embeddable":true,"href":"https:\/\/www.caririemacao.com\/1\/wp-json\/wp\/v2\/categories?post=74703"},{"taxonomy":"post_tag","embeddable":true,"href":"https:\/\/www.caririemacao.com\/1\/wp-json\/wp\/v2\/tags?post=74703"}],"curies":[{"name":"wp","href":"https:\/\/api.w.org\/{rel}","templated":true}]}}