{"id":74717,"date":"2018-11-29T13:21:23","date_gmt":"2018-11-29T16:21:23","guid":{"rendered":"http:\/\/www.caririemacao.com\/1\/?p=74717"},"modified":"2018-11-29T13:21:23","modified_gmt":"2018-11-29T16:21:23","slug":"jovem-de-18-anos-e-assassinado-a-tiros-na-casa-da-mae-em-patos","status":"publish","type":"post","link":"https:\/\/www.caririemacao.com\/1\/2018\/11\/29\/jovem-de-18-anos-e-assassinado-a-tiros-na-casa-da-mae-em-patos\/","title":{"rendered":"Jovem de 18 anos \u00e9 assassinado a tiros na casa da m\u00e3e em Patos"},"content":{"rendered":"<p>Um jovem de 18 anos foi assassinado com quatro disparos de arma de fogo na noite desta quarta-feira (28), em Patos. Douglas Martins Alves estava na porta da resid\u00eancia da sua m\u00e3e quando foi surpreendido pelos suspeitos com um tiro.<\/p>\n<p>A v\u00edtima tentou fugir para dentro da casa, mas foi perseguido e assassinado. Ap\u00f3s o crime, os suspeitos fugiram.<\/p>\n<p>O Samu foi acionado, mas ao chegar no local, o jovem j\u00e1 tinha ido a \u00f3bito.<\/p>\n<p>De acordo com informa\u00e7\u00f5es, a v\u00edtima tinha\u00a0envolvimento com drogas e o assassinato pode estar diretamente ligado a esse fato.<\/p>\n<p>A Pol\u00edcia segue investigando o crime. Nenhum dos suspeitos foi preso.<\/p>\n<p>&nbsp;<\/p>\n<p>CLICKPB<\/p>\n","protected":false},"excerpt":{"rendered":"<p>Um jovem de 18 anos foi assassinado com quatro disparos de arma de fogo na noite desta quarta-feira (28), em Patos. Douglas Martins Alves estava&hellip; <\/p>\n","protected":false},"author":1,"featured_media":50430,"comment_status":"closed","ping_status":"closed","sticky":false,"template":"","format":"standard","meta":{"sfsi_plus_gutenberg_text_before_share":"","sfsi_plus_gutenberg_show_text_before_share":"","sfsi_plus_gutenberg_icon_type":"","sfsi_plus_gutenberg_icon_alignemt":"","sfsi_plus_gutenburg_max_per_row":"","footnotes":""},"categories":[12],"tags":[],"class_list":["post-74717","post","type-post","status-publish","format-standard","has-post-thumbnail","hentry","category-policia"],"_links":{"self":[{"href":"https:\/\/www.caririemacao.com\/1\/wp-json\/wp\/v2\/posts\/74717","targetHints":{"allow":["GET"]}}],"collection":[{"href":"https:\/\/www.caririemacao.com\/1\/wp-json\/wp\/v2\/posts"}],"about":[{"href":"https:\/\/www.caririemacao.com\/1\/wp-json\/wp\/v2\/types\/post"}],"author":[{"embeddable":true,"href":"https:\/\/www.caririemacao.com\/1\/wp-json\/wp\/v2\/users\/1"}],"replies":[{"embeddable":true,"href":"https:\/\/www.caririemacao.com\/1\/wp-json\/wp\/v2\/comments?post=74717"}],"version-history":[{"count":1,"href":"https:\/\/www.caririemacao.com\/1\/wp-json\/wp\/v2\/posts\/74717\/revisions"}],"predecessor-version":[{"id":74718,"href":"https:\/\/www.caririemacao.com\/1\/wp-json\/wp\/v2\/posts\/74717\/revisions\/74718"}],"wp:featuredmedia":[{"embeddable":true,"href":"https:\/\/www.caririemacao.com\/1\/wp-json\/wp\/v2\/media\/50430"}],"wp:attachment":[{"href":"https:\/\/www.caririemacao.com\/1\/wp-json\/wp\/v2\/media?parent=74717"}],"wp:term":[{"taxonomy":"category","embeddable":true,"href":"https:\/\/www.caririemacao.com\/1\/wp-json\/wp\/v2\/categories?post=74717"},{"taxonomy":"post_tag","embeddable":true,"href":"https:\/\/www.caririemacao.com\/1\/wp-json\/wp\/v2\/tags?post=74717"}],"curies":[{"name":"wp","href":"https:\/\/api.w.org\/{rel}","templated":true}]}}