{"id":74719,"date":"2018-11-29T13:26:15","date_gmt":"2018-11-29T16:26:15","guid":{"rendered":"http:\/\/www.caririemacao.com\/1\/?p=74719"},"modified":"2018-11-29T13:26:15","modified_gmt":"2018-11-29T16:26:15","slug":"prefeitura-de-gurjao-e-sesc-leva-cinema-e-apresentacoes-culturais-para-a-populacao","status":"publish","type":"post","link":"https:\/\/www.caririemacao.com\/1\/2018\/11\/29\/prefeitura-de-gurjao-e-sesc-leva-cinema-e-apresentacoes-culturais-para-a-populacao\/","title":{"rendered":"Prefeitura de Gurj\u00e3o e SESC leva cinema e apresenta\u00e7\u00f5es culturais para a popula\u00e7\u00e3o"},"content":{"rendered":"<p><img fetchpriority=\"high\" decoding=\"async\" src=\"http:\/\/festpb.com\/v2\/images\/noticias\/2283_46.jpg\" width=\"460\" height=\"300\" border=\"0\" \/><\/p>\n<p class=\"&quot;MsoNormal&quot;\">A cidade de Gurj\u00e3o recebeu nesta ultima quarta (28) a noite o \u201cCircuito Sesc Cidades\u201d que trouxe a pra\u00e7a publica da cidade\u00a0 com uma carreta que \u00a0\u00e9 composta de equipamentos sofisticados, com imagem em alta defini\u00e7\u00e3o e aparelhagem sonora pr\u00f3pria para o local de exibi\u00e7\u00e3o.<\/p>\n<p class=\"&quot;MsoNormal&quot;\">Antes da apresenta\u00e7\u00e3o dos filmes os palha\u00e7os\u00a0Capivara e Fiof\u00f3 que n\u00e3o s\u00e3o \u00a0nada convencionais, que tocaram \u00a0seu pequenino circo a bordo de uma Kombi. No comando de um picadeiro improvisado revelam acrobatas internacionais, malabaristas dan\u00e7antes e uma besta fera selvagem! Este foi o primeiro espet\u00e1culo da Cia P\u00e9 de Cana que traz um resgate das pequenas trupes mambembes e logo ap\u00f3s com o cinema na pra\u00e7a onde foi exibido os seguintes curta metragem, o vestido de lia ,a menina e espantalho , animas e pessoas , Ernesto no pa\u00eds do futebol.<\/p>\n<p class=\"&quot;MsoNormal&quot;\">Para o Prefeito Ronaldo que mostrou muito entusiasmo com essa vinida do \u201cCircuito SESC\u201d a Gurj\u00e3o \u201cn\u00f3s enquanto gest\u00e3o temos que levar entretenimento para nossas pequenas cidades , e em Gurj\u00e3o \u00e9 diferente n\u00f3s temos uma sociedade que est\u00e1 sempre antenada nas coisas e por isso trouxemos hoje para Gurj\u00e3o al\u00e9m uma pe\u00e7a muito bacana onde os jovens e adultos poderam dar muita gargalhada e logo ap\u00f3s uma sess\u00e3o de cinema , fico muito feliz pelo povo ter atendido nosso chamado e vim prestigiar cultura\u201d.<\/p>\n<p class=\"&quot;MsoNormal&quot;\">Com uma proposta inovadora, a ideia \u00e9 aproximar as comunidades das novidades do cinema, democratizando cada vez mais o acesso \u00e0 arte e a cultura, para a Secret\u00e1ria de Educa\u00e7\u00e3o de Gurj\u00e3o Jane Erica Barbosa \u00a0\u201ccertamente este recurso, agregado a projetos j\u00e1 desenvolvidos pela gest\u00e3o do Prefeito Ronaldo , levar\u00e1 instru\u00e7\u00e3o cultural e propiciar\u00e1 mais \u00a0inclus\u00e3o social aos nossos alunos e a nossa juventude\u201d.<\/p>\n<p>Ascom\/Gurj\u00e3o<\/p>\n","protected":false},"excerpt":{"rendered":"<p>A cidade de Gurj\u00e3o recebeu nesta ultima quarta (28) a noite o \u201cCircuito Sesc Cidades\u201d que trouxe a pra\u00e7a publica da cidade\u00a0 com uma carreta&hellip; <\/p>\n","protected":false},"author":1,"featured_media":74720,"comment_status":"closed","ping_status":"closed","sticky":false,"template":"","format":"standard","meta":{"sfsi_plus_gutenberg_text_before_share":"","sfsi_plus_gutenberg_show_text_before_share":"","sfsi_plus_gutenberg_icon_type":"","sfsi_plus_gutenberg_icon_alignemt":"","sfsi_plus_gutenburg_max_per_row":"","footnotes":""},"categories":[6],"tags":[],"class_list":["post-74719","post","type-post","status-publish","format-standard","has-post-thumbnail","hentry","category-cidades"],"_links":{"self":[{"href":"https:\/\/www.caririemacao.com\/1\/wp-json\/wp\/v2\/posts\/74719","targetHints":{"allow":["GET"]}}],"collection":[{"href":"https:\/\/www.caririemacao.com\/1\/wp-json\/wp\/v2\/posts"}],"about":[{"href":"https:\/\/www.caririemacao.com\/1\/wp-json\/wp\/v2\/types\/post"}],"author":[{"embeddable":true,"href":"https:\/\/www.caririemacao.com\/1\/wp-json\/wp\/v2\/users\/1"}],"replies":[{"embeddable":true,"href":"https:\/\/www.caririemacao.com\/1\/wp-json\/wp\/v2\/comments?post=74719"}],"version-history":[{"count":1,"href":"https:\/\/www.caririemacao.com\/1\/wp-json\/wp\/v2\/posts\/74719\/revisions"}],"predecessor-version":[{"id":74722,"href":"https:\/\/www.caririemacao.com\/1\/wp-json\/wp\/v2\/posts\/74719\/revisions\/74722"}],"wp:featuredmedia":[{"embeddable":true,"href":"https:\/\/www.caririemacao.com\/1\/wp-json\/wp\/v2\/media\/74720"}],"wp:attachment":[{"href":"https:\/\/www.caririemacao.com\/1\/wp-json\/wp\/v2\/media?parent=74719"}],"wp:term":[{"taxonomy":"category","embeddable":true,"href":"https:\/\/www.caririemacao.com\/1\/wp-json\/wp\/v2\/categories?post=74719"},{"taxonomy":"post_tag","embeddable":true,"href":"https:\/\/www.caririemacao.com\/1\/wp-json\/wp\/v2\/tags?post=74719"}],"curies":[{"name":"wp","href":"https:\/\/api.w.org\/{rel}","templated":true}]}}