{"id":74721,"date":"2018-11-29T13:27:58","date_gmt":"2018-11-29T16:27:58","guid":{"rendered":"http:\/\/www.caririemacao.com\/1\/?p=74721"},"modified":"2018-11-29T13:41:21","modified_gmt":"2018-11-29T16:41:21","slug":"sistema-de-abastecimento-de-agua-da-transposicao-e-reativado-em-monteiro","status":"publish","type":"post","link":"https:\/\/www.caririemacao.com\/1\/2018\/11\/29\/sistema-de-abastecimento-de-agua-da-transposicao-e-reativado-em-monteiro\/","title":{"rendered":"Sistema de abastecimento de \u00e1gua da transposi\u00e7\u00e3o \u00e9 reativado em Monteiro"},"content":{"rendered":"<p style=\"font-weight: 400;\">Na manh\u00e3 desta quinta-feira (29), a opera\u00e7\u00e3o da Transposi\u00e7\u00e3o voltou a bombear a \u00e1gua para Monteiro e para o Rio Para\u00edba. A volta do bombeamento acalma in\u00fameras autoridades paraibanas e campinenses que pediam uma solu\u00e7\u00e3o urgente para a falta da vaz\u00e3o.<\/p>\n<p style=\"font-weight: 400;\">O senador eleito Veneziano Vital do R\u00eago (PSB), informou, logo ap\u00f3s reuni\u00e3o com o Minist\u00e9rio da Integra\u00e7\u00e3o Nacional, que a diminui\u00e7\u00e3o da vaz\u00e3o e falta de abastecimento, ocorreu por for\u00e7a dos testes na esta\u00e7\u00e3o EB V6, que ser\u00e3o logo conclu\u00eddos. Segundo ele, o Minist\u00e9rio estabeleceu que at\u00e9 hoje informaria \u00e0 AESA sobre a quantidade de dias de testes para a normaliza\u00e7\u00e3o do bombeamento das \u00e1guas sem estas interrup\u00e7\u00f5es.<\/p>\n<p style=\"font-weight: 400;\">O Minist\u00e9rio negou qualquer especula\u00e7\u00e3o de uma suposta press\u00e3o por farte do Governo Federal para que o Governo do Estado assine o contrato para pagamento da opera\u00e7\u00e3o.<\/p>\n<p style=\"font-weight: 400;\">Na \u00faltima semana o presidente da AESA, Jo\u00e3o Fernandes revelou que a \u00e1gua n\u00e3o estava sendo bombeada no Eixo Leste e levantou a tese de uma press\u00e3o por parte do Minist\u00e9rio para que fosse feito o contrato com o Estado e que este come\u00e7asse a pagar a taxa pela \u00e1gua da Transposi\u00e7\u00e3o.<\/p>\n<p>&nbsp;<\/p>\n<p style=\"font-weight: 400;\">Para\u00edba\u00a0Todo dia<\/p>\n","protected":false},"excerpt":{"rendered":"<p>Na manh\u00e3 desta quinta-feira (29), a opera\u00e7\u00e3o da Transposi\u00e7\u00e3o voltou a bombear a \u00e1gua para Monteiro e para o Rio Para\u00edba. A volta do bombeamento&hellip; <\/p>\n","protected":false},"author":1,"featured_media":0,"comment_status":"closed","ping_status":"closed","sticky":false,"template":"","format":"standard","meta":{"sfsi_plus_gutenberg_text_before_share":"","sfsi_plus_gutenberg_show_text_before_share":"","sfsi_plus_gutenberg_icon_type":"","sfsi_plus_gutenberg_icon_alignemt":"","sfsi_plus_gutenburg_max_per_row":"","footnotes":""},"categories":[50,2],"tags":[],"class_list":["post-74721","post","type-post","status-publish","format-standard","hentry","category-destaque","category-geral"],"_links":{"self":[{"href":"https:\/\/www.caririemacao.com\/1\/wp-json\/wp\/v2\/posts\/74721","targetHints":{"allow":["GET"]}}],"collection":[{"href":"https:\/\/www.caririemacao.com\/1\/wp-json\/wp\/v2\/posts"}],"about":[{"href":"https:\/\/www.caririemacao.com\/1\/wp-json\/wp\/v2\/types\/post"}],"author":[{"embeddable":true,"href":"https:\/\/www.caririemacao.com\/1\/wp-json\/wp\/v2\/users\/1"}],"replies":[{"embeddable":true,"href":"https:\/\/www.caririemacao.com\/1\/wp-json\/wp\/v2\/comments?post=74721"}],"version-history":[{"count":3,"href":"https:\/\/www.caririemacao.com\/1\/wp-json\/wp\/v2\/posts\/74721\/revisions"}],"predecessor-version":[{"id":74742,"href":"https:\/\/www.caririemacao.com\/1\/wp-json\/wp\/v2\/posts\/74721\/revisions\/74742"}],"wp:attachment":[{"href":"https:\/\/www.caririemacao.com\/1\/wp-json\/wp\/v2\/media?parent=74721"}],"wp:term":[{"taxonomy":"category","embeddable":true,"href":"https:\/\/www.caririemacao.com\/1\/wp-json\/wp\/v2\/categories?post=74721"},{"taxonomy":"post_tag","embeddable":true,"href":"https:\/\/www.caririemacao.com\/1\/wp-json\/wp\/v2\/tags?post=74721"}],"curies":[{"name":"wp","href":"https:\/\/api.w.org\/{rel}","templated":true}]}}