{"id":74725,"date":"2018-11-29T13:31:38","date_gmt":"2018-11-29T16:31:38","guid":{"rendered":"http:\/\/www.caririemacao.com\/1\/?p=74725"},"modified":"2018-11-29T13:31:38","modified_gmt":"2018-11-29T16:31:38","slug":"mourao-defende-reforma-da-previdencia-na-busca-de-estabilidade-para-infraestrutura","status":"publish","type":"post","link":"https:\/\/www.caririemacao.com\/1\/2018\/11\/29\/mourao-defende-reforma-da-previdencia-na-busca-de-estabilidade-para-infraestrutura\/","title":{"rendered":"Mour\u00e3o defende reforma da Previd\u00eancia na busca de estabilidade para infraestrutura"},"content":{"rendered":"<p>Para uma plateia de engenheiros e empres\u00e1rios do setor de infraestrutura, o vice-presidente da Rep\u00fablica eleito, Hamilton Mour\u00e3o, defendeu hoje (29) a aprova\u00e7\u00e3o das reformas da Previd\u00eancia (com tramita\u00e7\u00e3o suspensa desde fevereiro) e tribut\u00e1ria, que tramita no Congresso Nacional, como forma de buscar maior estabilidade e equil\u00edbrio para as \u00e1reas de infraestrutura.<\/p>\n<p>\u201cUma delas [reformas] \u00e9 a do sistema previdenci\u00e1rio, que estamos chegando ao limite. Precisamos urgentemente, ao longo do primeiro semestre, aprovar essa reforma para ter espa\u00e7o no or\u00e7amento\u201d, disse o vice-presidente, no audit\u00f3rio da Ag\u00eancia Nacional de Transportes Terrestres (ANTT), em Bras\u00edlia.<\/p>\n<p>Mour\u00e3o acrescentou ainda que uma proposta fundamental \u00e9 a \u201cdesvincula\u00e7\u00e3o do or\u00e7amento da Uni\u00e3o, que tem grande parte carimbado por despesas obrigat\u00f3rias\u201d.<\/p>\n<p><strong>Consci\u00eancia<\/strong><\/p>\n<p>O vice-presidente disse ter \u201cplena consci\u00eancia\u201d da situa\u00e7\u00e3o brasileira. Segundo ele, \u00e9 necess\u00e1rio simplificar leis e adotar medidas de desburocratiza\u00e7\u00e3o. \u201cPrecisamos enxugar a legisla\u00e7\u00e3o para que fique fact\u00edvel e compreens\u00edvel para todos\u201d, acrescentando que \u00e9 preciso \u201cconversar com atores [que fazem parte do sistema de controle] para entender a nova mec\u00e2nica e n\u00e3o usar a legisla\u00e7\u00e3o como fardo para o empreendedor\u201d.<\/p>\n<p>De acordo com o vice-presidente, a partir dessas medidas, que exigir\u00e3o \u201cmuita articula\u00e7\u00e3o\u201d com o Parlamento, \u201cvai haver boom de mercado e investidores que ir\u00e3o buscar nosso pa\u00eds. Ser\u00e1 oportunidade de capital novo para tocar o que tem que ser tocado\u201d.<\/p>\n<p><strong>Confian\u00e7a<\/strong><\/p>\n<p>Segundo Mour\u00e3o, o futuro governo vai basear suas rela\u00e7\u00f5es com o setor privado em confian\u00e7a e no cumprimento de contratos. \u201cSem seguran\u00e7a ningu\u00e9m vai investir [no pa\u00eds]. Os contratos t\u00eam que ser efetivamente cumpridos. N\u00e3o podemos fugir disso.\u201d<\/p>\n<p>O vice-presidente garantiu transpar\u00eancia e publicidade em todos atos do governo que assumir\u00e1 em 1\u00ba de janeiro de 2019 e lamentou que investimentos estejam parados no pa\u00eds. Para Mour\u00e3o, \u00e9 preciso buscar a liberaliza\u00e7\u00e3o financeira e abertura comercial.<\/p>\n<p>\u201cDe forma lenta, gradual e segura para uma economia que precisa se recuperar para depois estar aberta ao mundo. Investimentos estrangeiros s\u00e3o bem-vindos, desde que como capital de risco. N\u00e3o queremos empr\u00e9stimos.\u201d<\/p>\n","protected":false},"excerpt":{"rendered":"<p>Para uma plateia de engenheiros e empres\u00e1rios do setor de infraestrutura, o vice-presidente da Rep\u00fablica eleito, Hamilton Mour\u00e3o, defendeu hoje (29) a aprova\u00e7\u00e3o das reformas&hellip; <\/p>\n","protected":false},"author":1,"featured_media":74726,"comment_status":"closed","ping_status":"closed","sticky":false,"template":"","format":"standard","meta":{"sfsi_plus_gutenberg_text_before_share":"","sfsi_plus_gutenberg_show_text_before_share":"","sfsi_plus_gutenberg_icon_type":"","sfsi_plus_gutenberg_icon_alignemt":"","sfsi_plus_gutenburg_max_per_row":"","footnotes":""},"categories":[11],"tags":[],"class_list":["post-74725","post","type-post","status-publish","format-standard","has-post-thumbnail","hentry","category-politica"],"_links":{"self":[{"href":"https:\/\/www.caririemacao.com\/1\/wp-json\/wp\/v2\/posts\/74725","targetHints":{"allow":["GET"]}}],"collection":[{"href":"https:\/\/www.caririemacao.com\/1\/wp-json\/wp\/v2\/posts"}],"about":[{"href":"https:\/\/www.caririemacao.com\/1\/wp-json\/wp\/v2\/types\/post"}],"author":[{"embeddable":true,"href":"https:\/\/www.caririemacao.com\/1\/wp-json\/wp\/v2\/users\/1"}],"replies":[{"embeddable":true,"href":"https:\/\/www.caririemacao.com\/1\/wp-json\/wp\/v2\/comments?post=74725"}],"version-history":[{"count":1,"href":"https:\/\/www.caririemacao.com\/1\/wp-json\/wp\/v2\/posts\/74725\/revisions"}],"predecessor-version":[{"id":74727,"href":"https:\/\/www.caririemacao.com\/1\/wp-json\/wp\/v2\/posts\/74725\/revisions\/74727"}],"wp:featuredmedia":[{"embeddable":true,"href":"https:\/\/www.caririemacao.com\/1\/wp-json\/wp\/v2\/media\/74726"}],"wp:attachment":[{"href":"https:\/\/www.caririemacao.com\/1\/wp-json\/wp\/v2\/media?parent=74725"}],"wp:term":[{"taxonomy":"category","embeddable":true,"href":"https:\/\/www.caririemacao.com\/1\/wp-json\/wp\/v2\/categories?post=74725"},{"taxonomy":"post_tag","embeddable":true,"href":"https:\/\/www.caririemacao.com\/1\/wp-json\/wp\/v2\/tags?post=74725"}],"curies":[{"name":"wp","href":"https:\/\/api.w.org\/{rel}","templated":true}]}}