{"id":74730,"date":"2018-11-29T13:38:30","date_gmt":"2018-11-29T16:38:30","guid":{"rendered":"http:\/\/www.caririemacao.com\/1\/?p=74730"},"modified":"2018-11-29T13:38:30","modified_gmt":"2018-11-29T16:38:30","slug":"mais-um-paraibano-cajazeirense-e-cotado-para-integrar-equipe-economica-de-bolsonaro","status":"publish","type":"post","link":"https:\/\/www.caririemacao.com\/1\/2018\/11\/29\/mais-um-paraibano-cajazeirense-e-cotado-para-integrar-equipe-economica-de-bolsonaro\/","title":{"rendered":"MAIS UM PARAIBANO: Cajazeirense \u00e9 cotado para integrar equipe econ\u00f4mica de Bolsonaro"},"content":{"rendered":"<p>O consultor da C\u00e2mara dos Deputados, o cajazeirense Leonardo Rolim \u00e9 um dos nomes cotados para assumir a Secretaria de Previd\u00eancia no Governo de Jair Bolsonaro (PSL). A informa\u00e7\u00e3o foi divulgada nessa quarta-feira (28) pelo site nacional, O\u00a0Estad\u00e3o. Segundo o site, outros nomes tamb\u00e9m est\u00e3o sendo avaliados pela equipe de transi\u00e7\u00e3o, mas Rolim \u00e9 considerado um \u201c\u00f3timo nome\u201d e de grande qualidade t\u00e9cnica. Outra vantagem \u00e9 que ele, por ser consultor, conhece o funcionamento do Congresso Nacional.<\/p>\n<p>O consultor foi um dos colaboradores da proposta de reforma da Previd\u00eancia coordenada pelo ex-presidente do Banco Central Arm\u00ednio Fraga e pelo economista Paulo Tafner, um dos maiores especialistas no tema do Pa\u00eds. A proposta inclui a fixa\u00e7\u00e3o de idades m\u00ednimas de aposentadoria, regra de transi\u00e7\u00e3o e a cria\u00e7\u00e3o de um regime de capitaliza\u00e7\u00e3o \u2013 medida defendida pelo futuro ministro da Economia, Paulo Guedes.<\/p>\n<p>Como mostrou o Broadcast, Tafner se reuniu com a equipe de transi\u00e7\u00e3o para apresentar os detalhes da reforma projetada por seu grupo e entregar os textos da Proposta de Emenda \u00e0 Constitui\u00e7\u00e3o (PEC) e dos projetos de lei complementar que precisariam ser encaminhados ao Congresso, caso a proposta seja levada adiante. Segundo apurou a reportagem, Rolim estava presente neste encontro.<\/p>\n<p>O conte\u00fado ainda est\u00e1 sendo analisado pelo grupo que assessora Guedes, mas um integrante da transi\u00e7\u00e3o informou que muita coisa que est\u00e1 sendo apresentada ao grupo poder\u00e1 ser incorporada na nova proposta em elabora\u00e7\u00e3o. Em paralelo, a equipe j\u00e1 tra\u00e7a uma estrat\u00e9gia para garantir a aprova\u00e7\u00e3o da medida no Congresso.<\/p>\n<p>O sertanejo da Para\u00edba j\u00e1 foi secret\u00e1rio de Pol\u00edticas de Previd\u00eancia Social e \u00e9 especialista em Pol\u00edticas P\u00fablicas e Gest\u00e3o Governamental, pela Escola Nacional de Administra\u00e7\u00e3o P\u00fablica (Enap).<\/p>\n<p>Ele \u00e9 consultor de or\u00e7amento na C\u00e2mara dos Deputados, aprovado no concurso de 1999. Cedido ao Senado Federal, foi assessor do presidente da Comiss\u00e3o de Assuntos Econ\u00f4micos e diretor da Assessoria Especial de Planejamento e Moderniza\u00e7\u00e3o Administrativa.<\/p>\n<p>&nbsp;<\/p>\n<p>Di\u00e1rio do Sert\u00e3o<\/p>\n","protected":false},"excerpt":{"rendered":"<p>O consultor da C\u00e2mara dos Deputados, o cajazeirense Leonardo Rolim \u00e9 um dos nomes cotados para assumir a Secretaria de Previd\u00eancia no Governo de Jair&hellip; <\/p>\n","protected":false},"author":1,"featured_media":74731,"comment_status":"closed","ping_status":"closed","sticky":false,"template":"","format":"standard","meta":{"sfsi_plus_gutenberg_text_before_share":"","sfsi_plus_gutenberg_show_text_before_share":"","sfsi_plus_gutenberg_icon_type":"","sfsi_plus_gutenberg_icon_alignemt":"","sfsi_plus_gutenburg_max_per_row":"","footnotes":""},"categories":[50,11],"tags":[],"class_list":["post-74730","post","type-post","status-publish","format-standard","has-post-thumbnail","hentry","category-destaque","category-politica"],"_links":{"self":[{"href":"https:\/\/www.caririemacao.com\/1\/wp-json\/wp\/v2\/posts\/74730","targetHints":{"allow":["GET"]}}],"collection":[{"href":"https:\/\/www.caririemacao.com\/1\/wp-json\/wp\/v2\/posts"}],"about":[{"href":"https:\/\/www.caririemacao.com\/1\/wp-json\/wp\/v2\/types\/post"}],"author":[{"embeddable":true,"href":"https:\/\/www.caririemacao.com\/1\/wp-json\/wp\/v2\/users\/1"}],"replies":[{"embeddable":true,"href":"https:\/\/www.caririemacao.com\/1\/wp-json\/wp\/v2\/comments?post=74730"}],"version-history":[{"count":1,"href":"https:\/\/www.caririemacao.com\/1\/wp-json\/wp\/v2\/posts\/74730\/revisions"}],"predecessor-version":[{"id":74732,"href":"https:\/\/www.caririemacao.com\/1\/wp-json\/wp\/v2\/posts\/74730\/revisions\/74732"}],"wp:featuredmedia":[{"embeddable":true,"href":"https:\/\/www.caririemacao.com\/1\/wp-json\/wp\/v2\/media\/74731"}],"wp:attachment":[{"href":"https:\/\/www.caririemacao.com\/1\/wp-json\/wp\/v2\/media?parent=74730"}],"wp:term":[{"taxonomy":"category","embeddable":true,"href":"https:\/\/www.caririemacao.com\/1\/wp-json\/wp\/v2\/categories?post=74730"},{"taxonomy":"post_tag","embeddable":true,"href":"https:\/\/www.caririemacao.com\/1\/wp-json\/wp\/v2\/tags?post=74730"}],"curies":[{"name":"wp","href":"https:\/\/api.w.org\/{rel}","templated":true}]}}