{"id":74733,"date":"2018-11-29T13:45:13","date_gmt":"2018-11-29T16:45:13","guid":{"rendered":"http:\/\/www.caririemacao.com\/1\/?p=74733"},"modified":"2018-11-29T13:45:13","modified_gmt":"2018-11-29T16:45:13","slug":"desemprego-recua-pelo-7o-mes-seguido-mas-ainda-atinge-124-milhoes-de-pessoas-diz-ibge","status":"publish","type":"post","link":"https:\/\/www.caririemacao.com\/1\/2018\/11\/29\/desemprego-recua-pelo-7o-mes-seguido-mas-ainda-atinge-124-milhoes-de-pessoas-diz-ibge\/","title":{"rendered":"Desemprego recua pelo 7\u00ba m\u00eas seguido, mas ainda atinge 12,4 milh\u00f5es de pessoas, diz IBGE"},"content":{"rendered":"<p>A taxa de desemprego no Brasil caiu para 11,7% no trimestre encerrado em outubro, mas ainda atinge 12,4 milh\u00f5es de brasileiros, segundo dados divulgados nesta quinta-feira (29) pelo Instituto Brasileiro de Geografia e Estat\u00edstica (IBGE).<\/p>\n<p>Foi a s\u00e9tima queda mensal seguida do desemprego no pa\u00eds e da taxa mais baixa desde o trimestre terminado em julho de 2016, quando foi de 11,6%. A queda foi puxada mais uma vez pelo aumento do n\u00famero de trabalhadores sem carteira e por conta pr\u00f3pria, que bateram recorde.<\/p>\n<p>Em termos de contingente, o n\u00famero de desempregos \u00e9 o menor desde dezembro do ano passado, quando o pa\u00eds reunia 12,3 milh\u00f5es de desocupados. Na compara\u00e7\u00e3o com o mesmo per\u00edodo do ano passado, o n\u00famero de pessoas que procuram trabalho e n\u00e3o encontram caiu 3,1% (menos 389 mil pessoas).<\/p>\n<p>A popula\u00e7\u00e3o ocupada e com rendimentos no pa\u00eds aumentou 1,4%, reunindo 92,9 milh\u00f5es de brasileiros. Em 1 ano, cresceu 1,5%, o que representa 1,4 milh\u00e3o de pessoas a mais.<\/p>\n<p>\u201cEssa not\u00edcia [queda na taxa de desocupa\u00e7\u00e3o] seria bastante favor\u00e1vel n\u00e3o fossem os motivos que levaram essa taxa a cair e o tipo de ocupa\u00e7\u00e3o que teve aumento. Emprego sem carteira e trabalho por conta pr\u00f3pria, este sem CNPJ, o que demonstra a informalidade e a precariza\u00e7\u00e3o do mercado de trabalho\u201d, avaliou Cimar Azeredo, gerente da pesquisa do IBGE.<\/p>\n<p><strong>Trabalho sem carteira \u00e9 o que mais cresce e bate recorde<\/strong><br \/>\nApesar do mercado de trabalho seguir em trajet\u00f3ria de recupera\u00e7\u00e3o, os dados do IBGE mostram que a queda do desemprego continua sendo puxada pelo aumento do trabalho informal e por conta pr\u00f3pria.<\/p>\n<p>O n\u00famero de empregados sem carteira assinada subiu 4,8% na compara\u00e7\u00e3o com o trimestre anterior, reunindo 11,6 milh\u00f5es \u2013 o maior da s\u00e9rie hist\u00f3rica da pesquisa, iniciada em 2012. Em 1 ano, o avan\u00e7o \u00e9 5,9%, um adicional de 649 mil pessoas.<\/p>\n<p>J\u00e1 a categoria dos trabalhadores por conta pr\u00f3pria tamb\u00e9m bateu recorde, reunindo 23,6 milh\u00f5es de pessoas. A categoria cresceu 2,2% na compara\u00e7\u00e3o com o trimestre anterior (mais 497 mil pessoas) e 2,9% em rela\u00e7\u00e3o ao mesmo trimestre de 2017 (mais 655 mil pessoas).<br \/>\nO n\u00famero de trabalhadores com carteira assinada ficou est\u00e1vel em ambas as compara\u00e7\u00f5es, segundo o IBGE, somando 32,9 milh\u00f5es de pessoas no trimestre encerrado em outubro.<\/p>\n<p>Na semana passada, o Minist\u00e9rio do Trabalho informou que o\u00a0Brasil gerou em outubro 57,7 mil empregos com carteira assinada, n\u00famero abaixo ao registrado em outubro do ano passado (76.599). Na parcial do ano, foram gerados mais de 790 mil vagas formais no pa\u00eds.<\/p>\n<p><strong>Subocupa\u00e7\u00e3o tamb\u00e9m \u00e9 recorde<\/strong><br \/>\nSegundo o IBGE, o n\u00famero de subocupados por insufici\u00eancia de horas tamb\u00e9m registrou recorde na s\u00e9rie hist\u00f3rica da pesquisa, chegando a 7 milh\u00f5es em outubro. Na compara\u00e7\u00e3o com o trimestre anterior, quando j\u00e1 havia sido registrado recorde, aumentou em 418 mil o n\u00famero de trabalhadores nesta condi\u00e7\u00e3o.<\/p>\n<p>De acordo com o IBGE, 27,2 milh\u00f5es de brasileiros seguem subutilizados \u2013 400 mil a menos que no trimestre imediatamente anterior, o que o instituto considera estabilidade. J\u00e1 na compara\u00e7\u00e3o com o mesmo trimestre do ano passado, esse contingente aumentou em quase 700 mil pessoas (eram 26,6 milh\u00f5es em outubro de 2017, um crescimento de 2,6%).<\/p>\n<p>O grupo de trabalhadores subutilizados re\u00fane os desempregados, aqueles que est\u00e3o subocupados (menos de 40 horas semanais trabalhadas), os desalentados (que desistiram de procurar emprego) e os que poderiam estar ocupados, mas n\u00e3o trabalham por motivos diversos.<\/p>\n<p><strong>Falta emprego para 27,2 milh\u00f5es<\/strong><\/p>\n<p>*Veja quantos estavam na condi\u00e7\u00e3o de subutiliza\u00e7\u00e3o no trimestre encerrado em outubro:<\/p>\n<p>-12,4 milh\u00f5es de desempregados: pessoas que n\u00e3o trabalham, mas procuraram empregos nos \u00faltimos 30 dias (no 2\u00ba trimestre, eram 13 milh\u00f5es);<\/p>\n<p>-7 milh\u00f5es de subocupados: pessoas que trabalham menos de 40 horas por semana, mas gostariam de trabalhar mais (no 2\u00ba trimestre, eram 6,5 milh\u00f5es);<\/p>\n<p>-8 milh\u00f5es de pessoas que poderiam trabalhar, mas n\u00e3o trabalham\u00a0(for\u00e7a de trabalho potencial; no trimestre terminado em julho, eram 8,1 milh\u00f5es): grupo que inclui\u00a04,7 milh\u00f5es de desalentados\u00a0(que desistiram de procurar emprego) e outras\u00a03,3 milh\u00f5es de pessoas que podem trabalhar, mas que n\u00e3o t\u00eam disponibilidade\u00a0por algum motivo, como mulheres que deixam o emprego para cuidar os filhos.<\/p>\n<p>&nbsp;<\/p>\n<p>G1<\/p>\n","protected":false},"excerpt":{"rendered":"<p>A taxa de desemprego no Brasil caiu para 11,7% no trimestre encerrado em outubro, mas ainda atinge 12,4 milh\u00f5es de brasileiros, segundo dados divulgados nesta&hellip; <\/p>\n","protected":false},"author":1,"featured_media":39402,"comment_status":"closed","ping_status":"closed","sticky":false,"template":"","format":"standard","meta":{"sfsi_plus_gutenberg_text_before_share":"","sfsi_plus_gutenberg_show_text_before_share":"","sfsi_plus_gutenberg_icon_type":"","sfsi_plus_gutenberg_icon_alignemt":"","sfsi_plus_gutenburg_max_per_row":"","footnotes":""},"categories":[50,2],"tags":[],"class_list":["post-74733","post","type-post","status-publish","format-standard","has-post-thumbnail","hentry","category-destaque","category-geral"],"_links":{"self":[{"href":"https:\/\/www.caririemacao.com\/1\/wp-json\/wp\/v2\/posts\/74733","targetHints":{"allow":["GET"]}}],"collection":[{"href":"https:\/\/www.caririemacao.com\/1\/wp-json\/wp\/v2\/posts"}],"about":[{"href":"https:\/\/www.caririemacao.com\/1\/wp-json\/wp\/v2\/types\/post"}],"author":[{"embeddable":true,"href":"https:\/\/www.caririemacao.com\/1\/wp-json\/wp\/v2\/users\/1"}],"replies":[{"embeddable":true,"href":"https:\/\/www.caririemacao.com\/1\/wp-json\/wp\/v2\/comments?post=74733"}],"version-history":[{"count":1,"href":"https:\/\/www.caririemacao.com\/1\/wp-json\/wp\/v2\/posts\/74733\/revisions"}],"predecessor-version":[{"id":74746,"href":"https:\/\/www.caririemacao.com\/1\/wp-json\/wp\/v2\/posts\/74733\/revisions\/74746"}],"wp:featuredmedia":[{"embeddable":true,"href":"https:\/\/www.caririemacao.com\/1\/wp-json\/wp\/v2\/media\/39402"}],"wp:attachment":[{"href":"https:\/\/www.caririemacao.com\/1\/wp-json\/wp\/v2\/media?parent=74733"}],"wp:term":[{"taxonomy":"category","embeddable":true,"href":"https:\/\/www.caririemacao.com\/1\/wp-json\/wp\/v2\/categories?post=74733"},{"taxonomy":"post_tag","embeddable":true,"href":"https:\/\/www.caririemacao.com\/1\/wp-json\/wp\/v2\/tags?post=74733"}],"curies":[{"name":"wp","href":"https:\/\/api.w.org\/{rel}","templated":true}]}}