{"id":74750,"date":"2018-11-29T14:28:02","date_gmt":"2018-11-29T17:28:02","guid":{"rendered":"http:\/\/www.caririemacao.com\/1\/?p=74750"},"modified":"2018-11-29T14:28:32","modified_gmt":"2018-11-29T17:28:32","slug":"74750","status":"publish","type":"post","link":"https:\/\/www.caririemacao.com\/1\/2018\/11\/29\/74750\/","title":{"rendered":"UFCG lan\u00e7a concurso para professor de Engenharia Florestal"},"content":{"rendered":"<p>Universidade Federal de Campina Grande (UFCG) lan\u00e7ou edital de concurso p\u00fablico de provas e t\u00edtulos para contrata\u00e7\u00e3o de um professor para a Unidade Acad\u00eamica de Engenharia Florestal, no campus Patos.<\/p>\n<p>As inscri\u00e7\u00f5es ter\u00e3o in\u00edciou ter\u00e7a-feira, dia 27 de novembro, e seguem at\u00e9 14 de dezembro.<\/p>\n<p>O candidato selecionado ir\u00e1 ingressar como professor adjunto, cumprindo uma jornada de trabalho de 40 horas semanais, em regime de dedica\u00e7\u00e3o exclusiva (DE).<\/p>\n<p>Para concorrer, o interessado precisa ter gradua\u00e7\u00e3o em Engenharia Florestal ou Agronomia, com doutorado em uma das \u00e1reas.<\/p>\n<div id=\"attachment_247498\" class=\"wp-caption aligncenter\">\n<p><img decoding=\"async\" class=\"wp-image-247498 size-full lazyload\" data-src=\"https:\/\/paraibaonline.com.br\/wp-content\/uploads\/2018\/02\/ufcg-patos.jpg\" data-srcset=\"https:\/\/paraibaonline.com.br\/wp-content\/uploads\/2018\/02\/ufcg-patos.jpg 626w, https:\/\/paraibaonline.com.br\/wp-content\/uploads\/2018\/02\/ufcg-patos-557x417.jpg 557w\" alt=\"Foto: Ascom\" src=\"data:image\/svg+xml;base64,PHN2ZyB3aWR0aD0iMSIgaGVpZ2h0PSIxIiB4bWxucz0iaHR0cDovL3d3dy53My5vcmcvMjAwMC9zdmciPjwvc3ZnPg==\" \/><\/p>\n<p class=\"wp-caption-text\">Foto: Ascom<\/p>\n<\/div>\n<p>A vaga \u00e9 para lecionar as disciplinas de Nutri\u00e7\u00e3o de Ess\u00eancias Florestais; Fruticultura tropical, Recupera\u00e7\u00e3o de \u00c1reas Degradadas; e Elabora\u00e7\u00e3o e Avalia\u00e7\u00e3o de Projetos Florestais. A remunera\u00e7\u00e3o total, com retribui\u00e7\u00e3o por titula\u00e7\u00e3o, \u00e9 de R$ 9.600,92.<\/p>\n<p>As inscri\u00e7\u00f5es custam R$ 200 e ser\u00e3o realizadas no Setor de Protocolo do campus de Patos.<\/p>\n<p>Os interessados dever\u00e3o pagar a Guia de Recolhimento da Uni\u00e3o (GRU), preencher o requerimento de inscri\u00e7\u00e3o dispon\u00edvel no edital e se dirigir ao local com a documenta\u00e7\u00e3o exigida.<\/p>\n<p>O hor\u00e1rio de atendimento \u00e9 das 8h \u00e0s 11h e das 14h \u00e0s 17h30. Tamb\u00e9m ser\u00e3o aceitas inscri\u00e7\u00f5es por procura\u00e7\u00e3o e via postal.<\/p>\n<p>O concurso compreender\u00e1 tr\u00eas fases seguintes: prova escrita, prova did\u00e1tica e exame de t\u00edtulos.<\/p>\n<p>As etapas ser\u00e3o realizadas entre os dias 18 e 22 de fevereiro de 2019. O resultado final ser\u00e1 divulgado no dia 22 de fevereiro.<\/p>\n<p>Mais informa\u00e7\u00f5es podem ser obtidas pelos telefones (83) 3511.3040 e 3511.3035.<\/p>\n","protected":false},"excerpt":{"rendered":"<p>Universidade Federal de Campina Grande (UFCG) lan\u00e7ou edital de concurso p\u00fablico de provas e t\u00edtulos para contrata\u00e7\u00e3o de um professor para a Unidade Acad\u00eamica de&hellip; <\/p>\n","protected":false},"author":1,"featured_media":21235,"comment_status":"closed","ping_status":"closed","sticky":false,"template":"","format":"standard","meta":{"sfsi_plus_gutenberg_text_before_share":"","sfsi_plus_gutenberg_show_text_before_share":"","sfsi_plus_gutenberg_icon_type":"","sfsi_plus_gutenberg_icon_alignemt":"","sfsi_plus_gutenburg_max_per_row":"","footnotes":""},"categories":[14],"tags":[],"class_list":["post-74750","post","type-post","status-publish","format-standard","has-post-thumbnail","hentry","category-educacao"],"_links":{"self":[{"href":"https:\/\/www.caririemacao.com\/1\/wp-json\/wp\/v2\/posts\/74750","targetHints":{"allow":["GET"]}}],"collection":[{"href":"https:\/\/www.caririemacao.com\/1\/wp-json\/wp\/v2\/posts"}],"about":[{"href":"https:\/\/www.caririemacao.com\/1\/wp-json\/wp\/v2\/types\/post"}],"author":[{"embeddable":true,"href":"https:\/\/www.caririemacao.com\/1\/wp-json\/wp\/v2\/users\/1"}],"replies":[{"embeddable":true,"href":"https:\/\/www.caririemacao.com\/1\/wp-json\/wp\/v2\/comments?post=74750"}],"version-history":[{"count":2,"href":"https:\/\/www.caririemacao.com\/1\/wp-json\/wp\/v2\/posts\/74750\/revisions"}],"predecessor-version":[{"id":74752,"href":"https:\/\/www.caririemacao.com\/1\/wp-json\/wp\/v2\/posts\/74750\/revisions\/74752"}],"wp:featuredmedia":[{"embeddable":true,"href":"https:\/\/www.caririemacao.com\/1\/wp-json\/wp\/v2\/media\/21235"}],"wp:attachment":[{"href":"https:\/\/www.caririemacao.com\/1\/wp-json\/wp\/v2\/media?parent=74750"}],"wp:term":[{"taxonomy":"category","embeddable":true,"href":"https:\/\/www.caririemacao.com\/1\/wp-json\/wp\/v2\/categories?post=74750"},{"taxonomy":"post_tag","embeddable":true,"href":"https:\/\/www.caririemacao.com\/1\/wp-json\/wp\/v2\/tags?post=74750"}],"curies":[{"name":"wp","href":"https:\/\/api.w.org\/{rel}","templated":true}]}}