{"id":74753,"date":"2018-11-29T14:32:06","date_gmt":"2018-11-29T17:32:06","guid":{"rendered":"http:\/\/www.caririemacao.com\/1\/?p=74753"},"modified":"2018-11-29T14:32:06","modified_gmt":"2018-11-29T17:32:06","slug":"eduardo-carneiro-sinaliza-consenso-da-oposicao-por-galdino-como-presidente-da-alpb","status":"publish","type":"post","link":"https:\/\/www.caririemacao.com\/1\/2018\/11\/29\/eduardo-carneiro-sinaliza-consenso-da-oposicao-por-galdino-como-presidente-da-alpb\/","title":{"rendered":"Eduardo Carneiro sinaliza consenso da oposi\u00e7\u00e3o por Galdino como presidente da ALPB"},"content":{"rendered":"<p>O vereador de Jo\u00e3o Pessoa e deputado estadual eleito, Eduardo Carneiro (PRTB), j\u00e1 est\u00e1 vivenciando o cotidiano da Assembleia Legislativa da Para\u00edba (ALPB). Sobre o principal tema do Parlamento neste fim de ano, a elei\u00e7\u00e3o da Mesa Diretora, o futuro parlamentar da Casa de Epit\u00e1cio Pessoa reafirmou, nesta quinta-feira (29), seu apoio a postula\u00e7\u00e3o de Adriano Galdino (PSB).<\/p>\n<p>\u201cTem uma \u00fanica candidatura posta para o primeiro bi\u00eanio, que \u00e9 Adriano Galdino, estamos conversando nesse sentido. A bancada de oposi\u00e7\u00e3o vai se reunir, ainda estamos distante, a elei\u00e7\u00e3o \u00e9 s\u00f3 em fevereiro. Vamos dialogar at\u00e9 l\u00e1 para que possamos tomar a melhor decis\u00e3o\u201d, afirmou Carneiro. \u201cAt\u00e9 agora \u00e9 o \u00fanico candidato que temos, e \u00e9 o nosso candidato at\u00e9 esse momento. Ele que estamos apoiando\u201d, completou.<\/p>\n<p>De acordo com o deputado eleito, a oposi\u00e7\u00e3o far\u00e1 uma atua\u00e7\u00e3o \u201cpropositiva e atingindo aquilo que devemos fazer, que \u00e9 defender a Para\u00edba\u201d. Para ele, a pr\u00f3xima propositura ser\u00e1 um momento de fazer o bom debate na Assembleia.<\/p>\n<p>Questionado sobre se colocar \u00e0 disposi\u00e7\u00e3o para liderar a bancada de oposi\u00e7\u00e3o, Eduardo se lan\u00e7ou discretamente. \u201cNosso nome est\u00e1 sempre \u00e0 disposi\u00e7\u00e3o para o desafio que vier. No entanto, acredito que esse momento seja de outro cen\u00e1rio, para que outas pessoas ocupem esse cen\u00e1rio\u201d, disse.<\/p>\n<p>&nbsp;<\/p>\n<p>Blog do Gordinho<\/p>\n","protected":false},"excerpt":{"rendered":"<p>O vereador de Jo\u00e3o Pessoa e deputado estadual eleito, Eduardo Carneiro (PRTB), j\u00e1 est\u00e1 vivenciando o cotidiano da Assembleia Legislativa da Para\u00edba (ALPB). Sobre o&hellip; <\/p>\n","protected":false},"author":1,"featured_media":74754,"comment_status":"closed","ping_status":"closed","sticky":false,"template":"","format":"standard","meta":{"sfsi_plus_gutenberg_text_before_share":"","sfsi_plus_gutenberg_show_text_before_share":"","sfsi_plus_gutenberg_icon_type":"","sfsi_plus_gutenberg_icon_alignemt":"","sfsi_plus_gutenburg_max_per_row":"","footnotes":""},"categories":[11],"tags":[],"class_list":["post-74753","post","type-post","status-publish","format-standard","has-post-thumbnail","hentry","category-politica"],"_links":{"self":[{"href":"https:\/\/www.caririemacao.com\/1\/wp-json\/wp\/v2\/posts\/74753","targetHints":{"allow":["GET"]}}],"collection":[{"href":"https:\/\/www.caririemacao.com\/1\/wp-json\/wp\/v2\/posts"}],"about":[{"href":"https:\/\/www.caririemacao.com\/1\/wp-json\/wp\/v2\/types\/post"}],"author":[{"embeddable":true,"href":"https:\/\/www.caririemacao.com\/1\/wp-json\/wp\/v2\/users\/1"}],"replies":[{"embeddable":true,"href":"https:\/\/www.caririemacao.com\/1\/wp-json\/wp\/v2\/comments?post=74753"}],"version-history":[{"count":1,"href":"https:\/\/www.caririemacao.com\/1\/wp-json\/wp\/v2\/posts\/74753\/revisions"}],"predecessor-version":[{"id":74755,"href":"https:\/\/www.caririemacao.com\/1\/wp-json\/wp\/v2\/posts\/74753\/revisions\/74755"}],"wp:featuredmedia":[{"embeddable":true,"href":"https:\/\/www.caririemacao.com\/1\/wp-json\/wp\/v2\/media\/74754"}],"wp:attachment":[{"href":"https:\/\/www.caririemacao.com\/1\/wp-json\/wp\/v2\/media?parent=74753"}],"wp:term":[{"taxonomy":"category","embeddable":true,"href":"https:\/\/www.caririemacao.com\/1\/wp-json\/wp\/v2\/categories?post=74753"},{"taxonomy":"post_tag","embeddable":true,"href":"https:\/\/www.caririemacao.com\/1\/wp-json\/wp\/v2\/tags?post=74753"}],"curies":[{"name":"wp","href":"https:\/\/api.w.org\/{rel}","templated":true}]}}