{"id":74756,"date":"2018-11-29T14:33:55","date_gmt":"2018-11-29T17:33:55","guid":{"rendered":"http:\/\/www.caririemacao.com\/1\/?p=74756"},"modified":"2018-11-29T14:33:55","modified_gmt":"2018-11-29T17:33:55","slug":"inexperiente-e-pouco-confiavel-militares-do-governo-bolsonaro-nao-engolem-julian-lemos-diz-veja","status":"publish","type":"post","link":"https:\/\/www.caririemacao.com\/1\/2018\/11\/29\/inexperiente-e-pouco-confiavel-militares-do-governo-bolsonaro-nao-engolem-julian-lemos-diz-veja\/","title":{"rendered":"Inexperiente e pouco confi\u00e1vel: militares do governo Bolsonaro n\u00e3o &#8216;engolem&#8217; Julian Lemos, diz Veja"},"content":{"rendered":"<p>O deputado federal eleito pela Para\u00edba, Julian Lemos (PSL), homem de confian\u00e7a do presidente eleito Jair Bolsonaro (PSL), n\u00e3o tem boa rela\u00e7\u00e3o com os militares do governo de transi\u00e7\u00e3o do ex-capit\u00e3o do Ex\u00e9rcito. A informa\u00e7\u00e3o \u00e9 da revista Veja, em publica\u00e7\u00e3o repercutida nesta quinta-feira (29).<\/p>\n<p>Julian, que coordenou a campanha de Bolsonaro no Nordeste, \u00e9 tachado como inexperiente e pouco confi\u00e1vel pelos militares.<\/p>\n<p><strong>Confira publica\u00e7\u00e3o na \u00edntegra:<\/strong><\/p>\n<p><em>Militares do governo de transi\u00e7\u00e3o n\u00e3o engolem Julian Lemos, o deputado federal do PSL que trabalhou como coordenador da campanha de Jair Bolsonaro no Nordeste.<\/em><\/p>\n<p><em>Al\u00e9m de consider\u00e1-lo inexperiente e pouco confi\u00e1vel, a turma da farda se revolta com as faltas da excel\u00eancia a reuni\u00f5es importantes, em que a equipe trata de pol\u00edticas p\u00fablicas para a regi\u00e3o.<\/em><\/p>\n<p>&nbsp;<\/p>\n<p>VEJA<\/p>\n","protected":false},"excerpt":{"rendered":"<p>O deputado federal eleito pela Para\u00edba, Julian Lemos (PSL), homem de confian\u00e7a do presidente eleito Jair Bolsonaro (PSL), n\u00e3o tem boa rela\u00e7\u00e3o com os militares&hellip; <\/p>\n","protected":false},"author":1,"featured_media":37430,"comment_status":"closed","ping_status":"closed","sticky":false,"template":"","format":"standard","meta":{"sfsi_plus_gutenberg_text_before_share":"","sfsi_plus_gutenberg_show_text_before_share":"","sfsi_plus_gutenberg_icon_type":"","sfsi_plus_gutenberg_icon_alignemt":"","sfsi_plus_gutenburg_max_per_row":"","footnotes":""},"categories":[50,11],"tags":[],"class_list":["post-74756","post","type-post","status-publish","format-standard","has-post-thumbnail","hentry","category-destaque","category-politica"],"_links":{"self":[{"href":"https:\/\/www.caririemacao.com\/1\/wp-json\/wp\/v2\/posts\/74756","targetHints":{"allow":["GET"]}}],"collection":[{"href":"https:\/\/www.caririemacao.com\/1\/wp-json\/wp\/v2\/posts"}],"about":[{"href":"https:\/\/www.caririemacao.com\/1\/wp-json\/wp\/v2\/types\/post"}],"author":[{"embeddable":true,"href":"https:\/\/www.caririemacao.com\/1\/wp-json\/wp\/v2\/users\/1"}],"replies":[{"embeddable":true,"href":"https:\/\/www.caririemacao.com\/1\/wp-json\/wp\/v2\/comments?post=74756"}],"version-history":[{"count":1,"href":"https:\/\/www.caririemacao.com\/1\/wp-json\/wp\/v2\/posts\/74756\/revisions"}],"predecessor-version":[{"id":74757,"href":"https:\/\/www.caririemacao.com\/1\/wp-json\/wp\/v2\/posts\/74756\/revisions\/74757"}],"wp:featuredmedia":[{"embeddable":true,"href":"https:\/\/www.caririemacao.com\/1\/wp-json\/wp\/v2\/media\/37430"}],"wp:attachment":[{"href":"https:\/\/www.caririemacao.com\/1\/wp-json\/wp\/v2\/media?parent=74756"}],"wp:term":[{"taxonomy":"category","embeddable":true,"href":"https:\/\/www.caririemacao.com\/1\/wp-json\/wp\/v2\/categories?post=74756"},{"taxonomy":"post_tag","embeddable":true,"href":"https:\/\/www.caririemacao.com\/1\/wp-json\/wp\/v2\/tags?post=74756"}],"curies":[{"name":"wp","href":"https:\/\/api.w.org\/{rel}","templated":true}]}}