{"id":74767,"date":"2018-11-29T14:41:40","date_gmt":"2018-11-29T17:41:40","guid":{"rendered":"http:\/\/www.caririemacao.com\/1\/?p=74767"},"modified":"2018-11-29T14:41:40","modified_gmt":"2018-11-29T17:41:40","slug":"academias-irregulares-sao-notificadas-na-pb","status":"publish","type":"post","link":"https:\/\/www.caririemacao.com\/1\/2018\/11\/29\/academias-irregulares-sao-notificadas-na-pb\/","title":{"rendered":"Academias irregulares s\u00e3o notificadas na PB"},"content":{"rendered":"<p>Uma a\u00e7\u00e3o de fiscaliza\u00e7\u00e3o, realizada pelo Conselho Regional de Educa\u00e7\u00e3o F\u00edsica da 10\u00aa Regi\u00e3o \u2013 Para\u00edba, flagrou 24 academias em situa\u00e7\u00e3o irregular em 11 cidades do sert\u00e3o do estado.<\/p>\n<p>A opera\u00e7\u00e3o faz parte do projeto \u201cCREF Itinerante\u201d, que refor\u00e7a, em algumas cidades do interior, os servi\u00e7os oferecidos na Sede, em Jo\u00e3o Pessoa, e nas Seccionais de Campina Grande e Cajazeiras. Nesta sexta-feira (30) e no s\u00e1bado (1\u00ba), o Conselho estar\u00e1 no munic\u00edpio de S\u00e3o Bento (na\u00a0Escola Municipal Dr. Jarques Lucio da Silva), promovendo a regulariza\u00e7\u00e3o dos casos registrados em flagrante.<\/p>\n<p>Ao todo, foram 30 academias fiscalizadas, entre os dias 20 e 23 de novembro, nas cidades de: S\u00e3o Bento, Paulista, Brejo do Cruz, Jeric\u00f3, Riacho dos Cavalos, Catol\u00e9 do Rocha, Bom Sucesso, Brejo dos Santos, S\u00e3o Jos\u00e9 do Brejo do Cruz.<\/p>\n<p>\u201cTodos os estabelecimentos ter\u00e3o oportunidade de regularizar a situa\u00e7\u00e3o, neste fim de semana, j\u00e1 que estaremos em um grande mutir\u00e3o de servi\u00e7os na cidade de S\u00e3o Bento\u201d, ressaltou o presidente do CREF10, Francisco Martins da Silva.<\/p>\n<p>Segundo ele, as den\u00fancias no interior t\u00eam aumentado, numa forma clara de que as pessoas est\u00e3o colaborando mais com o combate ao exerc\u00edcio ilegal da profiss\u00e3o de Educa\u00e7\u00e3o F\u00edsica e \u00e0 falta de registro ou estrutura de alguns estabelecimentos.<\/p>\n<p>\u201c\u00c9 cada vez mais not\u00f3ria a percep\u00e7\u00e3o dos alunos de que as academias precisam estar regularizadas e o profissional devidamente registrado, como forma de garantia da sa\u00fade. Hoje, ningu\u00e9m quer treinar em um lugar que oferece riscos\u201d, complementou.<\/p>\n<p>A a\u00e7\u00e3o do CREF10 registrou, tamb\u00e9m, 11 notifica\u00e7\u00f5es de pessoa f\u00edsica e 06 escolas em situa\u00e7\u00e3o irregular.<\/p>\n<p>&nbsp;<\/p>\n<p>MaisPB<\/p>\n","protected":false},"excerpt":{"rendered":"<p>Uma a\u00e7\u00e3o de fiscaliza\u00e7\u00e3o, realizada pelo Conselho Regional de Educa\u00e7\u00e3o F\u00edsica da 10\u00aa Regi\u00e3o \u2013 Para\u00edba, flagrou 24 academias em situa\u00e7\u00e3o irregular em 11 cidades&hellip; <\/p>\n","protected":false},"author":1,"featured_media":29131,"comment_status":"closed","ping_status":"closed","sticky":false,"template":"","format":"standard","meta":{"sfsi_plus_gutenberg_text_before_share":"","sfsi_plus_gutenberg_show_text_before_share":"","sfsi_plus_gutenberg_icon_type":"","sfsi_plus_gutenberg_icon_alignemt":"","sfsi_plus_gutenburg_max_per_row":"","footnotes":""},"categories":[16],"tags":[],"class_list":["post-74767","post","type-post","status-publish","format-standard","has-post-thumbnail","hentry","category-saude"],"_links":{"self":[{"href":"https:\/\/www.caririemacao.com\/1\/wp-json\/wp\/v2\/posts\/74767","targetHints":{"allow":["GET"]}}],"collection":[{"href":"https:\/\/www.caririemacao.com\/1\/wp-json\/wp\/v2\/posts"}],"about":[{"href":"https:\/\/www.caririemacao.com\/1\/wp-json\/wp\/v2\/types\/post"}],"author":[{"embeddable":true,"href":"https:\/\/www.caririemacao.com\/1\/wp-json\/wp\/v2\/users\/1"}],"replies":[{"embeddable":true,"href":"https:\/\/www.caririemacao.com\/1\/wp-json\/wp\/v2\/comments?post=74767"}],"version-history":[{"count":1,"href":"https:\/\/www.caririemacao.com\/1\/wp-json\/wp\/v2\/posts\/74767\/revisions"}],"predecessor-version":[{"id":74768,"href":"https:\/\/www.caririemacao.com\/1\/wp-json\/wp\/v2\/posts\/74767\/revisions\/74768"}],"wp:featuredmedia":[{"embeddable":true,"href":"https:\/\/www.caririemacao.com\/1\/wp-json\/wp\/v2\/media\/29131"}],"wp:attachment":[{"href":"https:\/\/www.caririemacao.com\/1\/wp-json\/wp\/v2\/media?parent=74767"}],"wp:term":[{"taxonomy":"category","embeddable":true,"href":"https:\/\/www.caririemacao.com\/1\/wp-json\/wp\/v2\/categories?post=74767"},{"taxonomy":"post_tag","embeddable":true,"href":"https:\/\/www.caririemacao.com\/1\/wp-json\/wp\/v2\/tags?post=74767"}],"curies":[{"name":"wp","href":"https:\/\/api.w.org\/{rel}","templated":true}]}}