{"id":74769,"date":"2018-11-29T14:46:09","date_gmt":"2018-11-29T17:46:09","guid":{"rendered":"http:\/\/www.caririemacao.com\/1\/?p=74769"},"modified":"2018-11-29T14:46:09","modified_gmt":"2018-11-29T17:46:09","slug":"acesso-ao-fies-ficou-mais-dificil-dizem-faculdades-privadas","status":"publish","type":"post","link":"https:\/\/www.caririemacao.com\/1\/2018\/11\/29\/acesso-ao-fies-ficou-mais-dificil-dizem-faculdades-privadas\/","title":{"rendered":"Acesso ao Fies ficou mais dif\u00edcil, dizem faculdades privadas"},"content":{"rendered":"<p>O acesso \u00e0s faculdades privadas por meio do Fundo de Financiamento Estudantil (Fies) est\u00e1 mais dif\u00edcil, de acordo com a Associa\u00e7\u00e3o Brasileira de Mantenedoras de Ensino Superior (ABMES). Segundo a entidade, das 310 mil vagas oferecidas, apenas 80,3 mil foram preenchidas, o equivalente a 26% da meta.<\/p>\n<p>Para o presidente da ABMES, Jangui\u00ea Diniz, o desempenho do Fies em 2018 foi um fracasso. \u201cFoi o pior cen\u00e1rio desde que foi institu\u00eddo o Fies\u201d, disse Diniz. \u201cO programa, que devia ser social, transformou-se num programa financeiro e fiscal. Esta \u00e9 a nossa maior cr\u00edtica.\u201d<\/p>\n<p>O Fies est\u00e1 com novas regras desde o in\u00edcio do ano. Na modalidade em que o financiamento \u00e9 oferecido pela institui\u00e7\u00e3o banc\u00e1ria, com taxa de juros determinada pelo pr\u00f3prio banco, foram preenchidas 500 vagas de um total de 210 mil. J\u00e1 no modelo de financiamento governamental, a que se destina o restante das vagas, o aproveitamento foi de 82,1%.<\/p>\n<p>Em nota, o Minist\u00e9rio da Educa\u00e7\u00e3o (MEC) diz que \u00e9 poss\u00edvel analisar apenas os dados do Fies com financiamento pelo governo. \u201cConsiderando que o ciclo de contrata\u00e7\u00f5es do Fies 2018 ainda n\u00e3o [se] encerrou, o aproveitamento observado j\u00e1 \u00e9 superior ao observado nos anos anteriores (62,6% em 2016 e 78,2% em 2017)\u201d.<\/p>\n<p>De acordo com o MEC, as novas modalidades t\u00eam caracter\u00edsticas diferentes das do Fies anterior, o que impede compara\u00e7\u00f5es.<\/p>\n<h2>Criticas<\/h2>\n<p>Na opini\u00e3o de Janguii\u00ea Diniz, o principal gargalo do sistema \u00e9 o n\u00e3o financiamento do custo dos cursos em sua totalidade, apesar de o governo ter estabelecido percentual de financiamento m\u00ednimo de 50% do curso escolhido.<\/p>\n<p>Para ele, outro ponto controverso \u00e9 que 60% das vagas sejam destinadas aos cursos priorit\u00e1rios (\u00e1rea da sa\u00fade, engenharia e licenciatura). \u201cIsso nem sempre est\u00e1 em conson\u00e2ncia com o mercado de trabalho\u201d, disse Jangui\u00ea. As regras r\u00edgidas exigidas pelos bancos tamb\u00e9m foram citadas: \u201cO banco trata o financiamento estudantil como uma linha de cr\u00e9dito qualquer.\u201d<\/p>\n<p>Uma pesquisa feita pela entidade com o p\u00fablico-alvo do Fies revela que, para 51% dos interessados, o acesso ao programa do governo federal ficou mais dif\u00edcil em 2018. O levantamento mostrou ainda que 40% dos entrevistados n\u00e3o t\u00eam condi\u00e7\u00f5es de fazer uma gradua\u00e7\u00e3o sem bolsa de estudos ou financiamento estudantil. Para 94% dos estudantes, \u00e9 responsabilidade do governo federal prover pol\u00edticas p\u00fablicas de acesso \u00e0 educa\u00e7\u00e3o superior.<\/p>\n<p>Diante das dificuldades enfrentadas com o Fies, 48% dos entrevistados responderam que preferem obter uma bolsa ou desconto diretamente com a faculdade; 22% que optam pelo Fies e 24% que n\u00e3o t\u00eam prefer\u00eancia ou considerariam qualquer uma das op\u00e7\u00f5es. Para 6%, o financiamento privado seria a primeira escolha.<\/p>\n<p>Em nota, o MEC destaca que a reforma do Fies respeita determina\u00e7\u00e3o do Tribunal de Contas da Uni\u00e3o de buscar a redu\u00e7\u00e3o da depend\u00eancia do programa dos recursos do Tesouro Nacional e garantir sustentabilidade financeira e a governan\u00e7a do programa. O objetivo \u00e9 &#8220;viabilizar uma pol\u00edtica de acesso ao ensino superior mais ampla, que seja eficaz e que atenda melhor o estudante\u201d, diz a nota.<\/p>\n<p>A nota responde \u00e0s cr\u00edticas ao Fies com financiamento privado, dizendo que &#8220;se trata de uma modalidade de financiamento ainda em desenvolvimento, com alto potencial de crescimento e que tem contado com o apoio do MEC e das institui\u00e7\u00f5es financeiras participantes. Para o ano de 2019, espera-se o fortalecimento da modalidade, com a entrada de mais dois bancos financiadores do P-Fies\u201d.<\/p>\n<h2>Pr\u00f3ximo governo<\/h2>\n<p>Jangui\u00ea Diniz informou que se encontrar\u00e1 na primeira quinzena de dezembro com o presidente eleito Jair Bolsonaro para debater novas propostas para o Fies. Segundo o presidente ABMES, o objetivo \u00e9 pedir que o governo financie 100% das mensalidades de todos os estudantes e que inclua a modalidade de ensino a dist\u00e2ncia. Outra ideia \u00e9 que as institui\u00e7\u00f5es de ensino ofere\u00e7am descontos \u201csubstanciais e perenes\u201d, que variem entre 20% e 30% do valor do curso.<\/p>\n<p>N\u00e3o opini\u00e3o de Diniz, as regras r\u00edgidas impostas pelos bancos tamb\u00e9m t\u00eam que ser revistas. A ideia \u00e9 que o aluno que tenha 100% do financiamento comece a pagar as parcelas de amortiza\u00e7\u00e3o da d\u00edvida j\u00e1 durante o curso.<\/p>\n<p>&nbsp;<\/p>\n<p>EBC<\/p>\n","protected":false},"excerpt":{"rendered":"<p>O acesso \u00e0s faculdades privadas por meio do Fundo de Financiamento Estudantil (Fies) est\u00e1 mais dif\u00edcil, de acordo com a Associa\u00e7\u00e3o Brasileira de Mantenedoras de&hellip; <\/p>\n","protected":false},"author":1,"featured_media":9115,"comment_status":"closed","ping_status":"closed","sticky":false,"template":"","format":"standard","meta":{"sfsi_plus_gutenberg_text_before_share":"","sfsi_plus_gutenberg_show_text_before_share":"","sfsi_plus_gutenberg_icon_type":"","sfsi_plus_gutenberg_icon_alignemt":"","sfsi_plus_gutenburg_max_per_row":"","footnotes":""},"categories":[50,14],"tags":[],"class_list":["post-74769","post","type-post","status-publish","format-standard","has-post-thumbnail","hentry","category-destaque","category-educacao"],"_links":{"self":[{"href":"https:\/\/www.caririemacao.com\/1\/wp-json\/wp\/v2\/posts\/74769","targetHints":{"allow":["GET"]}}],"collection":[{"href":"https:\/\/www.caririemacao.com\/1\/wp-json\/wp\/v2\/posts"}],"about":[{"href":"https:\/\/www.caririemacao.com\/1\/wp-json\/wp\/v2\/types\/post"}],"author":[{"embeddable":true,"href":"https:\/\/www.caririemacao.com\/1\/wp-json\/wp\/v2\/users\/1"}],"replies":[{"embeddable":true,"href":"https:\/\/www.caririemacao.com\/1\/wp-json\/wp\/v2\/comments?post=74769"}],"version-history":[{"count":1,"href":"https:\/\/www.caririemacao.com\/1\/wp-json\/wp\/v2\/posts\/74769\/revisions"}],"predecessor-version":[{"id":74770,"href":"https:\/\/www.caririemacao.com\/1\/wp-json\/wp\/v2\/posts\/74769\/revisions\/74770"}],"wp:featuredmedia":[{"embeddable":true,"href":"https:\/\/www.caririemacao.com\/1\/wp-json\/wp\/v2\/media\/9115"}],"wp:attachment":[{"href":"https:\/\/www.caririemacao.com\/1\/wp-json\/wp\/v2\/media?parent=74769"}],"wp:term":[{"taxonomy":"category","embeddable":true,"href":"https:\/\/www.caririemacao.com\/1\/wp-json\/wp\/v2\/categories?post=74769"},{"taxonomy":"post_tag","embeddable":true,"href":"https:\/\/www.caririemacao.com\/1\/wp-json\/wp\/v2\/tags?post=74769"}],"curies":[{"name":"wp","href":"https:\/\/api.w.org\/{rel}","templated":true}]}}