{"id":74773,"date":"2018-11-29T14:51:15","date_gmt":"2018-11-29T17:51:15","guid":{"rendered":"http:\/\/www.caririemacao.com\/1\/?p=74773"},"modified":"2018-11-29T14:51:15","modified_gmt":"2018-11-29T17:51:15","slug":"programa-mostra-relacao-dos-idosos-com-a-internet","status":"publish","type":"post","link":"https:\/\/www.caririemacao.com\/1\/2018\/11\/29\/programa-mostra-relacao-dos-idosos-com-a-internet\/","title":{"rendered":"Programa mostra rela\u00e7\u00e3o dos idosos com a internet"},"content":{"rendered":"<p>\u00c0s 21h45 de quinta-feira (29), a TV Brasil exibe novamente o &#8220;Idosos Conectados&#8221;, edi\u00e7\u00e3o do Caminhos da Reportagem que venceu a 8\u00aa \u00a0edi\u00e7\u00e3o do pr\u00eamio Longevidade de Jornalismo &#8211; Bradesco 2018, na categoria m\u00eddia digital. O programa mostra como os idosos t\u00eam aumentado sua participa\u00e7\u00e3o como usu\u00e1rios da internet no Brasil. Dos 207 milh\u00f5es de brasileiros, 29,6 milh\u00f5es t\u00eam mais de 60 anos.<\/p>\n<p>Entre 2013 e 2016, o n\u00famero de brasileiros acima de 60 anos que usou a internet no m\u00ednimo uma vez na vida passou de 3 milh\u00f5es para 6 milh\u00f5es. Mas, apenas 19% das pessoas da terceira idade no Brasil s\u00e3o usu\u00e1rias de internet, segundo dados do IBGE e da pesquisa TIC Domic\u00edlios.<\/p>\n<p>O Caminhos da Reportagem entrevistou idosos de hoje e mostra como eles acompanharam (ou n\u00e3o) a transi\u00e7\u00e3o da era anal\u00f3gica para a era digital. Revela, ainda, o que a sociedade vem fazendo para permitir que idosos e jovens tenham acesso aos recursos de tecnologia da atualidade.<\/p>\n<p>Os rep\u00f3rteres conversaram com especialistas e com pessoas com mais de 60 anos que aderiram \u00e0 tecnologia no dia a dia, como Malu Silva, a &#8220;vov\u00f3 blogueira de Bras\u00edlia&#8221;. Ela criou um blog para acompanhar a evolu\u00e7\u00e3o da tecnologia, a fim de se manter no mercado do trabalho. Tamb\u00e9m foram entrevistadas pessoas que se incomodam com a velocidade da tecnologia, como Maria Leda Santos, que preferiu n\u00e3o ter um e-mail nem gosta de redes sociais.<\/p>\n<p>A difus\u00e3o das tecnologias, a inclus\u00e3o ou a exclus\u00e3o digital est\u00e3o relacionadas tamb\u00e9m \u00e0 quest\u00e3o da educa\u00e7\u00e3o e da escolaridade. Entre as pessoas de 60 anos ou mais, a taxa de analfabetismo chega a 20,4%, segundo dados da Pesquisa Nacional por Amostra de Domic\u00edlios (PNAD) de 2016.<\/p>\n<p>Segundo a pesquisadora Marg\u00f4 de Oliveira Karnikowski, da Universidade de Bras\u00edlia, essas tecnologias n\u00e3o foram pensadas levando em conta a popula\u00e7\u00e3o idosa. A nega\u00e7\u00e3o da velhice, de acordo com a professora, &#8220;tamb\u00e9m se faz presente nas pessoas que desenvolvem as tecnologias.\u201d<\/p>\n<p>O coordenador da pesquisa TIC Domic\u00edlios, Winston Oyadomari, completa: \u201cEssa \u00e9 uma das popula\u00e7\u00f5es que tem o maior n\u00edvel de exclus\u00e3o no uso de internet hoje no Brasil. Ent\u00e3o, se quatro em cada cinco idosos n\u00e3o est\u00e3o usando a internet, voc\u00ea n\u00e3o tem como pensar na internet universal para todos sem considerar as necessidades dessa popula\u00e7\u00e3o.\u201d<\/p>\n<p>O programa, veiculado pela primeira vez em abril deste ano, \u00a0conquistou o primeiro lugar na 8\u00aa edi\u00e7\u00e3o do Pr\u00eamio Longevidade de Jornalismo Bradesco Seguros, na categoria m\u00eddia digital. A cerim\u00f4nia de premia\u00e7\u00e3o ocorreu no dia 21 deste m\u00eas, durante o XIII F\u00f3rum da Longevidade Bradesco Seguros, no Hotel Unique, na capital paulista.<\/p>\n<p>O pr\u00eamio, promovido desde 2011, estimula a reflex\u00e3o sobre a transforma\u00e7\u00e3o da estrutura et\u00e1ria da popula\u00e7\u00e3o brasileira.<\/p>\n","protected":false},"excerpt":{"rendered":"<p>\u00c0s 21h45 de quinta-feira (29), a TV Brasil exibe novamente o &#8220;Idosos Conectados&#8221;, edi\u00e7\u00e3o do Caminhos da Reportagem que venceu a 8\u00aa \u00a0edi\u00e7\u00e3o do pr\u00eamio&hellip; <\/p>\n","protected":false},"author":1,"featured_media":58988,"comment_status":"closed","ping_status":"closed","sticky":false,"template":"","format":"standard","meta":{"sfsi_plus_gutenberg_text_before_share":"","sfsi_plus_gutenberg_show_text_before_share":"","sfsi_plus_gutenberg_icon_type":"","sfsi_plus_gutenberg_icon_alignemt":"","sfsi_plus_gutenburg_max_per_row":"","footnotes":""},"categories":[2],"tags":[],"class_list":["post-74773","post","type-post","status-publish","format-standard","has-post-thumbnail","hentry","category-geral"],"_links":{"self":[{"href":"https:\/\/www.caririemacao.com\/1\/wp-json\/wp\/v2\/posts\/74773","targetHints":{"allow":["GET"]}}],"collection":[{"href":"https:\/\/www.caririemacao.com\/1\/wp-json\/wp\/v2\/posts"}],"about":[{"href":"https:\/\/www.caririemacao.com\/1\/wp-json\/wp\/v2\/types\/post"}],"author":[{"embeddable":true,"href":"https:\/\/www.caririemacao.com\/1\/wp-json\/wp\/v2\/users\/1"}],"replies":[{"embeddable":true,"href":"https:\/\/www.caririemacao.com\/1\/wp-json\/wp\/v2\/comments?post=74773"}],"version-history":[{"count":1,"href":"https:\/\/www.caririemacao.com\/1\/wp-json\/wp\/v2\/posts\/74773\/revisions"}],"predecessor-version":[{"id":74774,"href":"https:\/\/www.caririemacao.com\/1\/wp-json\/wp\/v2\/posts\/74773\/revisions\/74774"}],"wp:featuredmedia":[{"embeddable":true,"href":"https:\/\/www.caririemacao.com\/1\/wp-json\/wp\/v2\/media\/58988"}],"wp:attachment":[{"href":"https:\/\/www.caririemacao.com\/1\/wp-json\/wp\/v2\/media?parent=74773"}],"wp:term":[{"taxonomy":"category","embeddable":true,"href":"https:\/\/www.caririemacao.com\/1\/wp-json\/wp\/v2\/categories?post=74773"},{"taxonomy":"post_tag","embeddable":true,"href":"https:\/\/www.caririemacao.com\/1\/wp-json\/wp\/v2\/tags?post=74773"}],"curies":[{"name":"wp","href":"https:\/\/api.w.org\/{rel}","templated":true}]}}