{"id":74775,"date":"2018-11-29T14:53:07","date_gmt":"2018-11-29T17:53:07","guid":{"rendered":"http:\/\/www.caririemacao.com\/1\/?p=74775"},"modified":"2018-11-29T14:53:07","modified_gmt":"2018-11-29T17:53:07","slug":"bolsonaro-diz-que-trump-pode-vir-ao-brasil-para-sua-posse-em-janeiro","status":"publish","type":"post","link":"https:\/\/www.caririemacao.com\/1\/2018\/11\/29\/bolsonaro-diz-que-trump-pode-vir-ao-brasil-para-sua-posse-em-janeiro\/","title":{"rendered":"Bolsonaro diz que Trump pode vir ao Brasil para sua posse em janeiro"},"content":{"rendered":"<p>O presidente eleito, Jair Bolsonaro, disse hoje (29) que\u00a0existe a possibilidade do presidente dos Estados Unidos,\u00a0Donald Trump, vir \u00e0 sua posse, o que dependeria de outros compromissos que\u00a0possam existir\u00a0no dia 1\u00ba de janeiro. \u201cEu ficaria muito honrado\u201d, acrescentou.<\/p>\n<p>Bolsonaro avaliou positivamente o encontro que teve\u00a0<span id=\"OBJ_PREFIX_DWT283_com_zimbra_date\" role=\"link\"><span id=\"OBJ_PREFIX_DWT297_com_zimbra_date\" role=\"link\">hoje<\/span><\/span>\u00a0pela manh\u00e3 com o Conselheiro de Seguran\u00e7a Nacional dos\u00a0Estados Unidos, John Bolton. A reuni\u00e3o durou cerca de uma hora. \u201cFoi mais um passo do Brasil em dire\u00e7\u00e3o aos Estados Unidos e dos Estados Unidos em dire\u00e7\u00e3o a n\u00f3s\u201d, avaliou.<\/p>\n<p>O presidente eleito\u00a0pretende ir aos Estados Unidos nos primeiros meses de seu governo, o que ainda dever\u00e1 ser organizado. Bolsonaro confirmou, por\u00e9m, que a primeira viagem ao exterior que far\u00e1 como presidente\u00a0<span id=\"OBJ_PREFIX_DWT284_com_zimbra_date\" role=\"link\"><span id=\"OBJ_PREFIX_DWT298_com_zimbra_date\" role=\"link\">ter<\/span><\/span>\u00e1 tr\u00eas pa\u00edses da Am\u00e9rica do Sul no roteiro: Paraguai, Argentina e Chile. Ele tamb\u00e9m comentou a forma como pretende lidar com a Venezuela.<\/p>\n<p>\u201c\u00c9 uma quest\u00e3o que vem l\u00e1 de tr\u00e1s e temos que buscar solu\u00e7\u00f5es. Ela nem poderia\u00a0<span id=\"OBJ_PREFIX_DWT299_com_zimbra_date\" role=\"link\">ter<\/span>\u00a0entrado no Mercosul. Medidas t\u00eam que ser tomadas. Sabemos que l\u00e1 existem aproximadamente 80 mil cubanos. A Venezuela\u00a0<span id=\"OBJ_PREFIX_DWT285_com_zimbra_date\" role=\"link\"><span id=\"OBJ_PREFIX_DWT300_com_zimbra_date\" role=\"link\">hoje<\/span><\/span>\u00a0em dia tem mais esse agravante. \u00c9 dif\u00edcil tirar ela da situa\u00e7\u00e3o em que se encontra. Mas n\u00f3s faremos o poss\u00edvel pelas vias legais, obviamente, e pac\u00edfica, porque n\u00f3s sentimos reflexo da ditadura que se instala na Venezuela\u201d.<\/p>\n<p>De acordo com o presidente eleito, a mudan\u00e7a da embaixada brasileira em Israel para a cidade de Jerusal\u00e9m \u00e9 uma possibilidade que existe e j\u00e1 h\u00e1 conversas em andamento. Ele tamb\u00e9m reiterou sua posi\u00e7\u00e3o sobre a Confer\u00eancia das Partes da Conven\u00e7\u00e3o do Clima das Na\u00e7\u00f5es Unidas (COP-25), destinada a negociar a implementa\u00e7\u00e3o do Acordo de Paris. O Brasil havia se candidatado para sediar o evento, que deve ocorrer em novembro de 2019, mas\u00a0<span id=\"OBJ_PREFIX_DWT286_com_zimbra_url\" role=\"link\"><span id=\"OBJ_PREFIX_DWT301_com_zimbra_url\" role=\"link\">retirou sua candidatura<\/span><\/span>.\u00a0<span id=\"OBJ_PREFIX_DWT288_com_zimbra_date\" role=\"link\"><span id=\"OBJ_PREFIX_DWT303_com_zimbra_date\" role=\"link\">Ontem<\/span><\/span>\u00a0(28), Bolsonaro j\u00e1 havia dito\u00a0<span id=\"OBJ_PREFIX_DWT289_com_zimbra_date\" role=\"link\"><span id=\"OBJ_PREFIX_DWT304_com_zimbra_date\" role=\"link\">ter<\/span><\/span>\u00a0<span id=\"OBJ_PREFIX_DWT290_com_zimbra_url\" role=\"link\"><span id=\"OBJ_PREFIX_DWT305_com_zimbra_url\" role=\"link\">participado dessa decis\u00e3o<\/span><\/span>.<\/p>\n<p>&nbsp;<\/p>\n<p>EBC<\/p>\n","protected":false},"excerpt":{"rendered":"<p>O presidente eleito, Jair Bolsonaro, disse hoje (29) que\u00a0existe a possibilidade do presidente dos Estados Unidos,\u00a0Donald Trump, vir \u00e0 sua posse, o que dependeria de&hellip; <\/p>\n","protected":false},"author":1,"featured_media":70189,"comment_status":"closed","ping_status":"closed","sticky":false,"template":"","format":"standard","meta":{"sfsi_plus_gutenberg_text_before_share":"","sfsi_plus_gutenberg_show_text_before_share":"","sfsi_plus_gutenberg_icon_type":"","sfsi_plus_gutenberg_icon_alignemt":"","sfsi_plus_gutenburg_max_per_row":"","footnotes":""},"categories":[50,11],"tags":[],"class_list":["post-74775","post","type-post","status-publish","format-standard","has-post-thumbnail","hentry","category-destaque","category-politica"],"_links":{"self":[{"href":"https:\/\/www.caririemacao.com\/1\/wp-json\/wp\/v2\/posts\/74775","targetHints":{"allow":["GET"]}}],"collection":[{"href":"https:\/\/www.caririemacao.com\/1\/wp-json\/wp\/v2\/posts"}],"about":[{"href":"https:\/\/www.caririemacao.com\/1\/wp-json\/wp\/v2\/types\/post"}],"author":[{"embeddable":true,"href":"https:\/\/www.caririemacao.com\/1\/wp-json\/wp\/v2\/users\/1"}],"replies":[{"embeddable":true,"href":"https:\/\/www.caririemacao.com\/1\/wp-json\/wp\/v2\/comments?post=74775"}],"version-history":[{"count":1,"href":"https:\/\/www.caririemacao.com\/1\/wp-json\/wp\/v2\/posts\/74775\/revisions"}],"predecessor-version":[{"id":74776,"href":"https:\/\/www.caririemacao.com\/1\/wp-json\/wp\/v2\/posts\/74775\/revisions\/74776"}],"wp:featuredmedia":[{"embeddable":true,"href":"https:\/\/www.caririemacao.com\/1\/wp-json\/wp\/v2\/media\/70189"}],"wp:attachment":[{"href":"https:\/\/www.caririemacao.com\/1\/wp-json\/wp\/v2\/media?parent=74775"}],"wp:term":[{"taxonomy":"category","embeddable":true,"href":"https:\/\/www.caririemacao.com\/1\/wp-json\/wp\/v2\/categories?post=74775"},{"taxonomy":"post_tag","embeddable":true,"href":"https:\/\/www.caririemacao.com\/1\/wp-json\/wp\/v2\/tags?post=74775"}],"curies":[{"name":"wp","href":"https:\/\/api.w.org\/{rel}","templated":true}]}}